{"id":117958,"date":"2026-04-27T11:42:41","date_gmt":"2026-04-27T09:42:41","guid":{"rendered":"https:\/\/www.ae-expo.be\/redefinissons-ce-que-signifie-advanced\/"},"modified":"2026-04-27T11:57:26","modified_gmt":"2026-04-27T09:57:26","slug":"redefinissons-ce-que-signifie-advanced","status":"publish","type":"post","link":"https:\/\/www.ae-expo.be\/fr\/redefinissons-ce-que-signifie-advanced\/","title":{"rendered":"Red\u00e9finissons ce que signifie \u00ab advanced \u00bb"},"content":{"rendered":"\t\t<div data-elementor-type=\"wp-post\" data-elementor-id=\"117958\" class=\"elementor elementor-117958 elementor-117948\" data-elementor-post-type=\"post\">\n\t\t\t\t<div class=\"elementor-element elementor-element-44706bf e-flex e-con-boxed e-con e-parent\" data-id=\"44706bf\" data-element_type=\"container\">\n\t\t\t\t\t<div class=\"e-con-inner\">\n\t\t\t\t<div class=\"elementor-element elementor-element-a590451 elementor-widget elementor-widget-text-editor\" data-id=\"a590451\" data-element_type=\"widget\" data-widget_type=\"text-editor.default\">\n\t\t\t\t<div class=\"elementor-widget-container\">\n\t\t\t\t\t\t\t\t\t<p data-start=\"80\" data-end=\"559\"><strong>Lorsque nous pensons au mot \u00ab advanced \u00bb, qu\u2019est-ce qui nous vient \u00e0 l\u2019esprit ? Faire davantage de ce que nous faisons d\u00e9j\u00e0 ? Mieux le faire (mais que signifie exactement \u00ab mieux \u00bb ?) ? Ou d\u00e9velopper quelque chose de nouveau et suppl\u00e9mentaire ? C\u2019est exactement le th\u00e8me de la keynote de Bert Bruggeman \u00e0 Advanced Engineering. Il plaide pour une d\u00e9finition de \u00ab advanced \u00bb davantage align\u00e9e sur les \u00e9cosyst\u00e8mes dans lesquels nous \u00e9voluons, et sur l\u2019\u00eatre humain en tant qu\u2019esp\u00e8ce.<\/strong><\/p>\n\t\t\t\t\t\t\t\t<\/div>\n\t\t\t\t<\/div>\n\t\t\t\t<div class=\"elementor-element elementor-element-22ecd2c elementor-widget elementor-widget-text-editor\" data-id=\"22ecd2c\" data-element_type=\"widget\" data-widget_type=\"text-editor.default\">\n\t\t\t\t<div class=\"elementor-widget-container\">\n\t\t\t\t\t\t\t\t\t<p data-start=\"561\" data-end=\"925\">Bert est Chair chez The Ocean Cleanup et CEO d\u2019Aurelia. Il sait mieux que quiconque \u00e0 quel point la mani\u00e8re actuelle de penser et d\u2019agir de l\u2019humanit\u00e9 met notre plan\u00e8te sous pression. \u00ab Oui, nous pouvons parfaitement nettoyer les oc\u00e9ans, mais ce n\u2019est pas la solution \u00bb, dit-il. \u00ab La vraie cause se trouve dans notre syst\u00e8me ; c\u2019est cela que nous devons traiter. \u00bb<\/p>\n\t\t\t\t\t\t\t\t<\/div>\n\t\t\t\t<\/div>\n\t\t\t\t<div class=\"elementor-element elementor-element-073a394 elementor-widget elementor-widget-heading\" data-id=\"073a394\" data-element_type=\"widget\" data-widget_type=\"heading.default\">\n\t\t\t\t<div class=\"elementor-widget-container\">\n\t\t\t\t\t<h2 class=\"elementor-heading-title elementor-size-default\">Une nouvelle mani\u00e8re de penser<\/h2>\t\t\t\t<\/div>\n\t\t\t\t<\/div>\n\t\t\t\t<div class=\"elementor-element elementor-element-c7924c6 elementor-widget elementor-widget-text-editor\" data-id=\"c7924c6\" data-element_type=\"widget\" data-widget_type=\"text-editor.default\">\n\t\t\t\t<div class=\"elementor-widget-container\">\n\t\t\t\t\t\t\t\t\t<p data-start=\"964\" data-end=\"1582\">Dans sa keynote, il affirme qu\u2019il est dans notre propre int\u00e9r\u00eat, en tant qu\u2019esp\u00e8ce, de mieux nous aligner avec des syst\u00e8mes auto-entretenus et adaptatifs, fonctionnant en plus grande harmonie avec la nature. \u00ab Aujourd\u2019hui, nous consid\u00e9rons le monde comme une machine compos\u00e9e de pi\u00e8ces s\u00e9par\u00e9es. Mais nous avons oubli\u00e9 que nous faisons partie d\u2019un \u00e9cosyst\u00e8me plus vaste et de la nature, que nous ignorons et d\u00e9truisons actuellement. Et le seul autre syst\u00e8me vivant qui continue jusqu\u2019\u00e0 \u00e9puiser son \u00e9cosyst\u00e8me est un cancer. Et cela finit par se d\u00e9truire lui-m\u00eame. C\u2019est la conversation urgente que nous devons avoir. \u00bb<\/p>\n<p><\/p>\n<p data-start=\"1584\" data-end=\"1921\">Comment inverser cette vision et optimiser l\u2019ensemble du syst\u00e8me ? \u00ab Pas en \u00e9liminant l\u2019ancien, mais en ajoutant de nouvelles connaissances afin de cr\u00e9er une autre forme de r\u00e9sultat. Les esp\u00e8ces les plus performantes sont celles qui cr\u00e9ent de la valeur pour le syst\u00e8me en s\u2019exprimant, plut\u00f4t que celles qui se contentent de la retirer. \u00bb<\/p>\n\t\t\t\t\t\t\t\t<\/div>\n\t\t\t\t<\/div>\n\t\t\t\t<div class=\"elementor-element elementor-element-21ff275 elementor-widget elementor-widget-heading\" data-id=\"21ff275\" data-element_type=\"widget\" data-widget_type=\"heading.default\">\n\t\t\t\t<div class=\"elementor-widget-container\">\n\t\t\t\t\t<h2 class=\"elementor-heading-title elementor-size-default\">Cr\u00e9er des vagues ensemble<\/h2>\t\t\t\t<\/div>\n\t\t\t\t<\/div>\n\t\t\t\t<div class=\"elementor-element elementor-element-1ddf8d0 elementor-widget elementor-widget-text-editor\" data-id=\"1ddf8d0\" data-element_type=\"widget\" data-widget_type=\"text-editor.default\">\n\t\t\t\t<div class=\"elementor-widget-container\">\n\t\t\t\t\t\t\t\t\t<p data-start=\"1955\" data-end=\"2355\">Bert traduit ce message en actions concr\u00e8tes pour les ing\u00e9nieurs et partage cinq choses que chaque ing\u00e9nieur peut commencer \u00e0 faire diff\u00e9remment d\u00e8s demain. \u00ab Au lieu de pointer vers les niveaux sup\u00e9rieurs, je veux regarder comment nous concevons le monde aujourd\u2019hui. Mon approche part de la perspective de l\u2019ing\u00e9nieur, avec un accent sur les objectifs \u00e0 court terme et la r\u00e9solution de probl\u00e8mes. \u00bb<\/p>\n<p><\/p>\n<p data-start=\"2357\" data-end=\"3019\">\u00ab Parce qu\u2019au final, chacun a un r\u00f4le \u00e0 jouer dans ce processus. Oui, les dirigeants et les cadres doivent fixer d\u2019autres objectifs et repenser ce que signifie r\u00e9ellement le \u201ccapital\u201d vers lequel nous devons tendre. Mais ce n\u2019est pas un processus lin\u00e9aire o\u00f9 une id\u00e9e passe de A \u00e0 B \u00e0 C. Commen\u00e7ons plut\u00f4t \u00e0 agir d\u00e8s maintenant dans nos propres capacit\u00e9s et \u00e0 cr\u00e9er des vagues et des \u00eelots de coh\u00e9rence capables de transformer l\u2019ensemble. Nous ne r\u00e9soudrons pas ce probl\u00e8me, et nous ne cr\u00e9erons pas non plus la paix mondiale \u00e0 la bourse. Mais si nous ne changeons pas notre mani\u00e8re de penser et d\u2019agir, il ne restera pas beaucoup de g\u00e9n\u00e9rations apr\u00e8s la n\u00f4tre. \u00bb<\/p>\n\t\t\t\t\t\t\t\t<\/div>\n\t\t\t\t<\/div>\n\t\t\t\t<div class=\"elementor-element elementor-element-141df5b elementor-widget elementor-widget-text-editor\" data-id=\"141df5b\" data-element_type=\"widget\" data-widget_type=\"text-editor.default\">\n\t\t\t\t<div class=\"elementor-widget-container\">\n\t\t\t\t\t\t\t\t\t<p data-start=\"3065\" data-end=\"3277\"><strong>Un appel urgent \u00e0 l\u2019action, port\u00e9 par une voix percutante et singuli\u00e8re, avec des perspectives que tout ing\u00e9nieur \u00ab advanced \u00bb devrait entendre. Bert prendra la parole sur la Main Stage le mercredi 6 mai \u00e0 11h30.<\/strong><\/p>\n<p><\/p>\n<p data-start=\"3279\" data-end=\"3327\"><strong>Plus d\u2019infos et inscription : <a href=\"http:\/\/www.ae-expo.be\/fr\/\">www.ae-expo.be\/fr\/<\/a><\/strong><\/p>\n\t\t\t\t\t\t\t\t<\/div>\n\t\t\t\t<\/div>\n\t\t\t\t\t<\/div>\n\t\t\t\t<\/div>\n\t\t<div class=\"elementor-element elementor-element-1943c4d e-flex e-con-boxed e-con e-parent\" data-id=\"1943c4d\" data-element_type=\"container\">\n\t\t\t\t\t<div class=\"e-con-inner\">\n\t\t\t\t<div class=\"elementor-element elementor-element-bbc574e elementor-widget elementor-widget-text-editor\" data-id=\"bbc574e\" data-element_type=\"widget\" data-widget_type=\"text-editor.default\">\n\t\t\t\t<div class=\"elementor-widget-container\">\n\t\t\t\t\t\t\t\t\t<p><b><i>From Cleanup to Regeneration: Engineering the Next Wave of Innovation<\/i><\/b><\/p>\n<p>Mercredi 6 mai<\/p>\n<p><em>11u30 &#8211; 12u00\u00a0<\/em><\/p>\n<p><em>Main\u00a0Stage\u00a0<\/em><\/p>\n\t\t\t\t\t\t\t\t<\/div>\n\t\t\t\t<\/div>\n\t\t\t\t\t<\/div>\n\t\t\t\t<\/div>\n\t\t\t\t<\/div>\n\t\t","protected":false},"excerpt":{"rendered":"<p>Lorsque nous pensons au mot \u00ab advanced \u00bb, qu\u2019est-ce qui nous vient \u00e0 l\u2019esprit ? Faire davantage de ce que nous faisons d\u00e9j\u00e0 ? Mieux le faire (mais que signifie exactement \u00ab mieux \u00bb ?) ? Ou d\u00e9velopper quelque chose de nouveau et suppl\u00e9mentaire ? C\u2019est exactement le th\u00e8me de la keynote de Bert Bruggeman [&hellip;]<\/p>\n","protected":false},"author":1651,"featured_media":117955,"comment_status":"closed","ping_status":"open","sticky":false,"template":"","format":"standard","meta":{"_seopress_robots_primary_cat":"none","_seopress_titles_title":"Red\u00e9finissons ce que signifie \u00ab advanced \u00bb","_seopress_titles_desc":"Que signifie r\u00e9ellement le terme \u00ab advanced \u00bb aujourd'hui ? Dans son discours d'ouverture, Bert Bruggeman (The Ocean Cleanup, Aurelia) met les ing\u00e9nieurs au d\u00e9fi de penser diff\u00e9remment. D\u00e9couvrez sa vision de l'ing\u00e9nierie de pointe.","_seopress_robots_index":"","footnotes":""},"categories":[357],"tags":[],"edition":[],"class_list":["post-117958","post","type-post","status-publish","format-standard","has-post-thumbnail","hentry","category-inspiration-corner-fr"],"_links":{"self":[{"href":"https:\/\/www.ae-expo.be\/fr\/wp-json\/wp\/v2\/posts\/117958","targetHints":{"allow":["GET"]}}],"collection":[{"href":"https:\/\/www.ae-expo.be\/fr\/wp-json\/wp\/v2\/posts"}],"about":[{"href":"https:\/\/www.ae-expo.be\/fr\/wp-json\/wp\/v2\/types\/post"}],"author":[{"embeddable":true,"href":"https:\/\/www.ae-expo.be\/fr\/wp-json\/wp\/v2\/users\/1651"}],"replies":[{"embeddable":true,"href":"https:\/\/www.ae-expo.be\/fr\/wp-json\/wp\/v2\/comments?post=117958"}],"version-history":[{"count":2,"href":"https:\/\/www.ae-expo.be\/fr\/wp-json\/wp\/v2\/posts\/117958\/revisions"}],"predecessor-version":[{"id":117963,"href":"https:\/\/www.ae-expo.be\/fr\/wp-json\/wp\/v2\/posts\/117958\/revisions\/117963"}],"wp:featuredmedia":[{"embeddable":true,"href":"https:\/\/www.ae-expo.be\/fr\/wp-json\/wp\/v2\/media\/117955"}],"wp:attachment":[{"href":"https:\/\/www.ae-expo.be\/fr\/wp-json\/wp\/v2\/media?parent=117958"}],"wp:term":[{"taxonomy":"category","embeddable":true,"href":"https:\/\/www.ae-expo.be\/fr\/wp-json\/wp\/v2\/categories?post=117958"},{"taxonomy":"post_tag","embeddable":true,"href":"https:\/\/www.ae-expo.be\/fr\/wp-json\/wp\/v2\/tags?post=117958"},{"taxonomy":"edition","embeddable":true,"href":"https:\/\/www.ae-expo.be\/fr\/wp-json\/wp\/v2\/edition?post=117958"}],"curies":[{"name":"wp","href":"https:\/\/api.w.org\/{rel}","templated":true}]}}