{"id":117233,"date":"2026-04-01T13:31:36","date_gmt":"2026-04-01T11:31:36","guid":{"rendered":"https:\/\/www.ae-expo.be\/linclusion-comme-levier-de-croissance-et-dinnovation\/"},"modified":"2026-04-01T13:34:53","modified_gmt":"2026-04-01T11:34:53","slug":"linclusion-comme-levier-de-croissance-et-dinnovation","status":"publish","type":"post","link":"https:\/\/www.ae-expo.be\/fr\/linclusion-comme-levier-de-croissance-et-dinnovation\/","title":{"rendered":"L\u2019inclusion comme levier de croissance et d\u2019innovation"},"content":{"rendered":"\t\t<div data-elementor-type=\"wp-post\" data-elementor-id=\"117233\" class=\"elementor elementor-117233 elementor-117161\" data-elementor-post-type=\"post\">\n\t\t\t\t<div class=\"elementor-element elementor-element-44706bf e-flex e-con-boxed e-con e-parent\" data-id=\"44706bf\" data-element_type=\"container\">\n\t\t\t\t\t<div class=\"e-con-inner\">\n\t\t\t\t<div class=\"elementor-element elementor-element-a590451 elementor-widget elementor-widget-text-editor\" data-id=\"a590451\" data-element_type=\"widget\" data-widget_type=\"text-editor.default\">\n\t\t\t\t<div class=\"elementor-widget-container\">\n\t\t\t\t\t\t\t\t\t<p data-start=\"115\" data-end=\"482\"><strong>Et si l\u2019innovation ne d\u00e9pendait pas seulement de la technologie, mais aussi de ceux qui la d\u00e9veloppent ? C\u2019est la question centrale du keynote de Fran\u00e7oise Chombar (Melexis) \u00e0 Advanced Engineering. Avec son intervention sur le STEMinism et le Womenomics, elle souhaite inciter les ing\u00e9nieurs et les dirigeants \u00e0 repenser l\u2019innovation, le talent et la comp\u00e9titivit\u00e9.<\/strong><\/p>\n\t\t\t\t\t\t\t\t<\/div>\n\t\t\t\t<\/div>\n\t\t\t\t<div class=\"elementor-element elementor-element-22ecd2c elementor-widget elementor-widget-text-editor\" data-id=\"22ecd2c\" data-element_type=\"widget\" data-widget_type=\"text-editor.default\">\n\t\t\t\t<div class=\"elementor-widget-container\">\n\t\t\t\t\t\t\t\t\t<p data-start=\"484\" data-end=\"883\">\u00ab Les entreprises parlent souvent d\u2019innovation, mais rarement d\u2019inclusion et de diversit\u00e9 comme moteur de celle-ci \u00bb, constate Fran\u00e7oise. \u00ab Et pourtant, c\u2019est l\u00e0 que se trouve une \u00e9norme opportunit\u00e9. \u00bb Elle n\u2019est donc pas d\u2019accord avec l\u2019id\u00e9e que l\u2019industrie europ\u00e9enne est actuellement coinc\u00e9e entre les \u00c9tats-Unis \u00e0 l\u2019Ouest et la Chine \u00e0 l\u2019Est. Au contraire, elle voit une v\u00e9ritable opportunit\u00e9.<\/p>\n\t\t\t\t\t\t\t\t<\/div>\n\t\t\t\t<\/div>\n\t\t\t\t<div class=\"elementor-element elementor-element-e29339a elementor-widget elementor-widget-heading\" data-id=\"e29339a\" data-element_type=\"widget\" data-widget_type=\"heading.default\">\n\t\t\t\t<div class=\"elementor-widget-container\">\n\t\t\t\t\t<h4 class=\"elementor-heading-title elementor-size-default\">\u00ab Il est temps d\u2019arr\u00eater de se plaindre et de tirer parti de notre avantage. \u00bb<\/h4>\t\t\t\t<\/div>\n\t\t\t\t<\/div>\n\t\t\t\t<div class=\"elementor-element elementor-element-e7aa1b8 elementor-widget elementor-widget-text-editor\" data-id=\"e7aa1b8\" data-element_type=\"widget\" data-widget_type=\"text-editor.default\">\n\t\t\t\t<div class=\"elementor-widget-container\">\n\t\t\t\t\t\t\t\t\t<p data-start=\"971\" data-end=\"1494\">\u00ab Nous sommes presque le dernier bastion de la d\u00e9mocratie et de l\u2019inclusion. Dans les pays o\u00f9 les femmes occupent encore une position inf\u00e9rieure, elles choisissent d\u00e9lib\u00e9r\u00e9ment des formations STEM pour devenir plus ind\u00e9pendantes. Si nous attirons ces talents et leur offrons des opportunit\u00e9s, nous pouvons non seulement combler notre d\u00e9ficit de profils techniques, mais aussi \u00e9voluer plus rapidement vers un meilleur \u00e9quilibre entre les genres. Il est temps d\u2019arr\u00eater de se plaindre et de tirer parti de notre avantage. \u00bb<\/p>\n\t\t\t\t\t\t\t\t<\/div>\n\t\t\t\t<\/div>\n\t\t\t\t<div class=\"elementor-element elementor-element-073a394 elementor-widget elementor-widget-heading\" data-id=\"073a394\" data-element_type=\"widget\" data-widget_type=\"heading.default\">\n\t\t\t\t<div class=\"elementor-widget-container\">\n\t\t\t\t\t<h2 class=\"elementor-heading-title elementor-size-default\">Comment l\u2019inclusion stimule l\u2019innovation<\/h2>\t\t\t\t<\/div>\n\t\t\t\t<\/div>\n\t\t\t\t<div class=\"elementor-element elementor-element-c7924c6 elementor-widget elementor-widget-text-editor\" data-id=\"c7924c6\" data-element_type=\"widget\" data-widget_type=\"text-editor.default\">\n\t\t\t\t<div class=\"elementor-widget-container\">\n\t\t\t\t\t\t\t\t\t<p data-start=\"1544\" data-end=\"2007\">Fran\u00e7oise Chombar appuie son propos avec un business case clair, faisant de la diversit\u00e9 non pas un th\u00e8me \u00ab doux \u00bb, mais un levier direct pour l\u2019innovation. \u00ab Les entreprises qui n\u2019investissent pas consciemment dans la diversit\u00e9 limitent leur capacit\u00e9 d\u2019innovation. Si vous voulez innover, vous avez besoin de perspectives diff\u00e9rentes. Les \u00e9quipes trop homog\u00e8nes pensent plus vite dans la m\u00eame direction et passent \u00e0 c\u00f4t\u00e9 de solutions et d\u2019id\u00e9es alternatives. \u00bb<\/p>\n<p><\/p>\n<p data-start=\"1544\" data-end=\"2007\">\n<p><\/p>\n<p data-start=\"2009\" data-end=\"2417\">Avec le terme <em data-start=\"2023\" data-end=\"2034\">STEMinism<\/em>, elle associe volontairement technologie et inclusion. Il ne s\u2019agit pas seulement du genre, mais de la mani\u00e8re dont les organisations g\u00e8rent les talents dans le sens le plus large. \u00ab Le STEMinism concerne la fa\u00e7on dont nous, en tant que soci\u00e9t\u00e9, traitons les individus, leurs talents et comment nous pouvons les faire s\u2019\u00e9panouir pour le bien-\u00eatre de tous \u2013 et pour l\u2019innovation. \u00bb<\/p>\n<p><\/p>\n<p data-start=\"2419\" data-end=\"2739\">Elle note que c\u2019est encore un angle mort important, surtout dans les secteurs techniques. \u00ab Beaucoup d\u2019entreprises ne s\u2019en occupent pas activement. Elles construisent des solutions, mais r\u00e9fl\u00e9chissent peu \u00e0 qui est autour de la table. C\u2019est n\u00e9faste, car l\u2019inclusivit\u00e9 et la diversit\u00e9 cr\u00e9ent la magie de l\u2019innovation. \u00bb<\/p>\n\t\t\t\t\t\t\t\t<\/div>\n\t\t\t\t<\/div>\n\t\t\t\t<div class=\"elementor-element elementor-element-21ff275 elementor-widget elementor-widget-heading\" data-id=\"21ff275\" data-element_type=\"widget\" data-widget_type=\"heading.default\">\n\t\t\t\t<div class=\"elementor-widget-container\">\n\t\t\t\t\t<h2 class=\"elementor-heading-title elementor-size-default\">Le retour sur investissement de la diversit\u00e9<\/h2>\t\t\t\t<\/div>\n\t\t\t\t<\/div>\n\t\t\t\t<div class=\"elementor-element elementor-element-1ddf8d0 elementor-widget elementor-widget-text-editor\" data-id=\"1ddf8d0\" data-element_type=\"widget\" data-widget_type=\"text-editor.default\">\n\t\t\t\t<div class=\"elementor-widget-container\">\n\t\t\t\t\t\t\t\t\t<p data-start=\"2793\" data-end=\"2999\">Au-del\u00e0 de l\u2019innovation, il existe \u00e9galement une logique purement \u00e9conomique. Avec le Womenomics, Fran\u00e7oise fait r\u00e9f\u00e9rence \u00e0 l\u2019id\u00e9e que les entreprises performent mieux lorsqu\u2019elles refl\u00e8tent leur march\u00e9.<\/p>\n<p><\/p>\n<p data-start=\"3001\" data-end=\"3253\">\u00ab En tant que d\u00e9veloppeur de produits, votre march\u00e9 final est g\u00e9n\u00e9ralement tr\u00e8s divers. Mais si vous regardez les entreprises et leurs \u00e9quipes, cette r\u00e9alit\u00e9 n\u2019y est pas refl\u00e9t\u00e9e. Vous perdez alors l\u2019opportunit\u00e9 de vraiment comprendre votre march\u00e9. \u00bb<\/p>\n\t\t\t\t\t\t\t\t<\/div>\n\t\t\t\t<\/div>\n\t\t\t\t<div class=\"elementor-element elementor-element-4835051 elementor-widget elementor-widget-heading\" data-id=\"4835051\" data-element_type=\"widget\" data-widget_type=\"heading.default\">\n\t\t\t\t<div class=\"elementor-widget-container\">\n\t\t\t\t\t<h4 class=\"elementor-heading-title elementor-size-default\">\u00ab La diversit\u00e9 est un moyen d\u2019obtenir de meilleurs r\u00e9sultats. \u00bb<\/h4>\t\t\t\t<\/div>\n\t\t\t\t<\/div>\n\t\t\t\t<div class=\"elementor-element elementor-element-6e6e93f elementor-widget elementor-widget-text-editor\" data-id=\"6e6e93f\" data-element_type=\"widget\" data-widget_type=\"text-editor.default\">\n\t\t\t\t<div class=\"elementor-widget-container\">\n\t\t\t\t\t\t\t\t\t<p data-start=\"3326\" data-end=\"3745\">Cela a des cons\u00e9quences sur tout : du d\u00e9veloppement produit au marketing et \u00e0 la vente. \u00ab Si vous voulez d\u00e9velopper des produits qui s\u00e9duisent un large public, vous avez \u00e9galement besoin d\u2019une \u00e9quipe diversifi\u00e9e pour y travailler. Sinon, vous passez \u00e0 c\u00f4t\u00e9 d\u2019informations cruciales qui se refl\u00e8tent dans les chiffres de vente. La diversit\u00e9 n\u2019est pas une fin en soi ; c\u2019est un moyen d\u2019obtenir de meilleurs r\u00e9sultats. \u00bb<\/p>\n\t\t\t\t\t\t\t\t<\/div>\n\t\t\t\t<\/div>\n\t\t\t\t<div class=\"elementor-element elementor-element-2883575 elementor-widget elementor-widget-heading\" data-id=\"2883575\" data-element_type=\"widget\" data-widget_type=\"heading.default\">\n\t\t\t\t<div class=\"elementor-widget-container\">\n\t\t\t\t\t<h2 class=\"elementor-heading-title elementor-size-default\">De la sensibilisation \u00e0 l\u2019action<\/h2>\t\t\t\t<\/div>\n\t\t\t\t<\/div>\n\t\t\t\t<div class=\"elementor-element elementor-element-554591c elementor-widget elementor-widget-text-editor\" data-id=\"554591c\" data-element_type=\"widget\" data-widget_type=\"text-editor.default\">\n\t\t\t\t<div class=\"elementor-widget-container\">\n\t\t\t\t\t\t\t\t\t<p data-start=\"3787\" data-end=\"4170\">Fran\u00e7oise propose \u00e9galement des outils pratiques pour transformer cet \u00e9tat d\u2019esprit en action. La premi\u00e8re \u00e9tape est la sensibilisation, mais cela ne doit pas s\u2019arr\u00eater l\u00e0. \u00ab Les dirigeants doivent diffuser activement cette philosophie et agir en cons\u00e9quence. Ce n\u2019est qu\u2019ensuite que vous pouvez identifier les points de blocage : recrutement, \u00e9volution de carri\u00e8re ou r\u00e9tention. \u00bb<\/p>\n<p><\/p>\n<p data-start=\"4172\" data-end=\"4632\">Ces points de blocage r\u00e9sident souvent dans de petits m\u00e9canismes presque invisibles mais ayant un grand impact sur qui vous attirez et retenez. M\u00eame le langage utilis\u00e9 dans les offres d\u2019emploi peut faire la diff\u00e9rence. \u00ab Les termes utilis\u00e9s pour les postes techniques et innovants sont souvent tr\u00e8s masculins, ce qui d\u00e9courage de nombreuses femmes. Si vous utilisez un langage sensible au genre, vous attirez \u00e9galement les femmes, sans effrayer les hommes. \u00bb<\/p>\n<p><\/p>\n<p data-start=\"4634\" data-end=\"5074\">En parall\u00e8le, une grande partie de la solution consiste \u00e0 mettre en \u00e9vidence ce qui fonctionne d\u00e9j\u00e0. \u00ab Les \u00e9quipes d\u00e9j\u00e0 diversifi\u00e9es et qui l\u2019embrassent vraiment tendent \u00e0 exceller plus rapidement dans l\u2019innovation. Il y a beaucoup de preuves de cela, mais elles sont encore trop peu exploit\u00e9es. En rendant ces exemples visibles et en y incluant les gens, vous cr\u00e9ez des mod\u00e8les. Et ce sont ces mod\u00e8les qui incitent les autres \u00e0 suivre. \u00bb<\/p>\n\t\t\t\t\t\t\t\t<\/div>\n\t\t\t\t<\/div>\n\t\t\t\t<div class=\"elementor-element elementor-element-0157d34 elementor-widget elementor-widget-heading\" data-id=\"0157d34\" data-element_type=\"widget\" data-widget_type=\"heading.default\">\n\t\t\t\t<div class=\"elementor-widget-container\">\n\t\t\t\t\t<h2 class=\"elementor-heading-title elementor-size-default\">L\u2019inclusion comme facteur de succ\u00e8s<\/h2>\t\t\t\t<\/div>\n\t\t\t\t<\/div>\n\t\t\t\t<div class=\"elementor-element elementor-element-141df5b elementor-widget elementor-widget-text-editor\" data-id=\"141df5b\" data-element_type=\"widget\" data-widget_type=\"text-editor.default\">\n\t\t\t\t<div class=\"elementor-widget-container\">\n\t\t\t\t\t\t\t\t\t<p data-start=\"5119\" data-end=\"5426\">Ces exemples concrets et ces id\u00e9es constituent le fil rouge de son keynote \u00e0 Advanced Engineering. Fran\u00e7oise souhaite surtout fournir des outils pratiques. Pas un \u00e9ni\u00e8me discours abstrait sur la diversit\u00e9, mais des id\u00e9es que les entreprises peuvent imm\u00e9diatement mettre en \u0153uvre et qui ont un impact r\u00e9el.<\/p>\n<p><\/p>\n<p data-start=\"5428\" data-end=\"5900\">\u00ab Je raconte une histoire d\u2019opportunit\u00e9 et d\u2019espoir. Cette intervention montrera qu\u2019une approche inclusive de votre fonctionnement vous rendra plus performant. \u00bb Avec cette prise de conscience, elle esp\u00e8re que le public se posera les bonnes questions en revenant sur le lieu de travail : \u00ab Mon \u00e9quipe refl\u00e8te-t-elle le march\u00e9 pour lequel je travaille ? Sinon, qu\u2019est-ce que cela implique pour ma capacit\u00e9 d\u2019innovation et mes r\u00e9sultats ? Et comment puis-je y rem\u00e9dier ? \u00bb<\/p>\n\t\t\t\t\t\t\t\t<\/div>\n\t\t\t\t<\/div>\n\t\t\t\t\t<\/div>\n\t\t\t\t<\/div>\n\t\t<div class=\"elementor-element elementor-element-1943c4d e-flex e-con-boxed e-con e-parent\" data-id=\"1943c4d\" data-element_type=\"container\">\n\t\t\t\t\t<div class=\"e-con-inner\">\n\t\t\t\t<div class=\"elementor-element elementor-element-bbc574e elementor-widget elementor-widget-text-editor\" data-id=\"bbc574e\" data-element_type=\"widget\" data-widget_type=\"text-editor.default\">\n\t\t\t\t<div class=\"elementor-widget-container\">\n\t\t\t\t\t\t\t\t\t<p><b><i>Why STEMinism and Womenomics are a mighty twin for Europe\u2019s future<\/i><\/b><\/p>\n<p>Jeudi 7 mai<\/p>\n<p><em>10:30 &#8211; 11:00\u00a0<\/em><\/p>\n<p><em>Main\u00a0Stage\u00a0<\/em><\/p>\n\t\t\t\t\t\t\t\t<\/div>\n\t\t\t\t<\/div>\n\t\t\t\t\t<\/div>\n\t\t\t\t<\/div>\n\t\t\t\t<\/div>\n\t\t","protected":false},"excerpt":{"rendered":"<p>Et si l\u2019innovation ne d\u00e9pendait pas seulement de la technologie, mais aussi de ceux qui la d\u00e9veloppent ? C\u2019est la question centrale du keynote de Fran\u00e7oise Chombar (Melexis) \u00e0 Advanced Engineering. Avec son intervention sur le STEMinism et le Womenomics, elle souhaite inciter les ing\u00e9nieurs et les dirigeants \u00e0 repenser l\u2019innovation, le talent et la [&hellip;]<\/p>\n","protected":false},"author":1651,"featured_media":117166,"comment_status":"closed","ping_status":"open","sticky":false,"template":"","format":"standard","meta":{"_seopress_robots_primary_cat":"none","_seopress_titles_title":"L\u2019inclusion comme levier de croissance et d\u2019innovation","_seopress_titles_desc":"Entretien avec Fran\u00e7oise Chombar sur la fa\u00e7on dont l\u2019inclusion et la diversit\u00e9 stimulent l\u2019innovation et aident les entreprises \u00e0 se d\u00e9velopper dans un march\u00e9 comp\u00e9titif.","_seopress_robots_index":"","footnotes":""},"categories":[357],"tags":[],"edition":[],"class_list":["post-117233","post","type-post","status-publish","format-standard","has-post-thumbnail","hentry","category-inspiration-corner-fr"],"_links":{"self":[{"href":"https:\/\/www.ae-expo.be\/fr\/wp-json\/wp\/v2\/posts\/117233","targetHints":{"allow":["GET"]}}],"collection":[{"href":"https:\/\/www.ae-expo.be\/fr\/wp-json\/wp\/v2\/posts"}],"about":[{"href":"https:\/\/www.ae-expo.be\/fr\/wp-json\/wp\/v2\/types\/post"}],"author":[{"embeddable":true,"href":"https:\/\/www.ae-expo.be\/fr\/wp-json\/wp\/v2\/users\/1651"}],"replies":[{"embeddable":true,"href":"https:\/\/www.ae-expo.be\/fr\/wp-json\/wp\/v2\/comments?post=117233"}],"version-history":[{"count":1,"href":"https:\/\/www.ae-expo.be\/fr\/wp-json\/wp\/v2\/posts\/117233\/revisions"}],"predecessor-version":[{"id":117234,"href":"https:\/\/www.ae-expo.be\/fr\/wp-json\/wp\/v2\/posts\/117233\/revisions\/117234"}],"wp:featuredmedia":[{"embeddable":true,"href":"https:\/\/www.ae-expo.be\/fr\/wp-json\/wp\/v2\/media\/117166"}],"wp:attachment":[{"href":"https:\/\/www.ae-expo.be\/fr\/wp-json\/wp\/v2\/media?parent=117233"}],"wp:term":[{"taxonomy":"category","embeddable":true,"href":"https:\/\/www.ae-expo.be\/fr\/wp-json\/wp\/v2\/categories?post=117233"},{"taxonomy":"post_tag","embeddable":true,"href":"https:\/\/www.ae-expo.be\/fr\/wp-json\/wp\/v2\/tags?post=117233"},{"taxonomy":"edition","embeddable":true,"href":"https:\/\/www.ae-expo.be\/fr\/wp-json\/wp\/v2\/edition?post=117233"}],"curies":[{"name":"wp","href":"https:\/\/api.w.org\/{rel}","templated":true}]}}