{"id":116667,"date":"2026-03-13T16:12:10","date_gmt":"2026-03-13T15:12:10","guid":{"rendered":"https:\/\/www.ae-expo.be\/le-telescope-einstein-un-projet-dingenierie-unique-en-son-genre\/"},"modified":"2026-03-16T09:11:27","modified_gmt":"2026-03-16T08:11:27","slug":"le-telescope-einstein-un-projet-dingenierie-unique-en-son-genre","status":"publish","type":"post","link":"https:\/\/www.ae-expo.be\/fr\/le-telescope-einstein-un-projet-dingenierie-unique-en-son-genre\/","title":{"rendered":"Le t\u00e9lescope Einstein : un projet d&rsquo;ing\u00e9nierie unique en son genre"},"content":{"rendered":"\t\t<div data-elementor-type=\"wp-post\" data-elementor-id=\"116667\" class=\"elementor elementor-116667 elementor-116655\" data-elementor-post-type=\"post\">\n\t\t\t\t<div class=\"elementor-element elementor-element-c4d9269 e-flex e-con-boxed e-con e-parent\" data-id=\"c4d9269\" data-element_type=\"container\">\n\t\t\t\t\t<div class=\"e-con-inner\">\n\t\t\t\t<div class=\"elementor-element elementor-element-a5b3aac elementor-widget elementor-widget-text-editor\" data-id=\"a5b3aac\" data-element_type=\"widget\" data-widget_type=\"text-editor.default\">\n\t\t\t\t<div class=\"elementor-widget-container\">\n\t\t\t\t\t\t\t\t\t<p><strong>Le t\u00e9lescope Einstein trouvera-t-il ou non sa place pr\u00e8s du point de rencontre entre la Belgique, les Pays-Bas et l&rsquo;Allemagne ? Gerjan van de Walle, charg\u00e9 du d\u00e9veloppement commercial au sein de l&rsquo;\u00e9quipe flamande du t\u00e9lescope Einstein, l&rsquo;esp\u00e8re vivement et vient \u00e0 Advanced Engineering pour mobiliser les entreprises et les ing\u00e9nieurs afin de contribuer \u00e0 la r\u00e9ussite de ce projet.<\/strong><\/p>\n<p>Pour ceux qui ne connaissent pas encore le t\u00e9lescope Einstein : il s&rsquo;agit d&rsquo;un d\u00e9tecteur d&rsquo;ondes gravitationnelles de troisi\u00e8me g\u00e9n\u00e9ration, encore plus sensible, dot\u00e9 de bras de 10 kilom\u00e8tres de long, qui sera install\u00e9 sous terre et qui doit nous aider \u00e0 mieux comprendre la th\u00e9orie de la gravit\u00e9 et des trous noirs. La Belgique, les Pays-Bas et le Land allemand de Rh\u00e9nanie-du-Nord-Westphalie s&rsquo;associent pour construire ce t\u00e9lescope r\u00e9volutionnaire au point des trois fronti\u00e8res.<\/p>\n<p>\u00ab Les premiers d\u00e9tecteurs se trouvent aux \u00c9tats-Unis et en Italie. Mais celui-ci devrait nous permettre de mieux comprendre la th\u00e9orie de la gravit\u00e9 qu&rsquo;Einstein a formul\u00e9e il y a d\u00e9j\u00e0 cent ans \u00bb, explique Gerjan van de Walle. \u00ab C&rsquo;est une occasion unique de contribuer \u00e0 cette aventure innovante chez nous, avec la meilleure technologie au monde. \u00bb<\/p>\n\t\t\t\t\t\t\t\t<\/div>\n\t\t\t\t<\/div>\n\t\t\t\t<div class=\"elementor-element elementor-element-269219f elementor-widget elementor-widget-heading\" data-id=\"269219f\" data-element_type=\"widget\" data-widget_type=\"heading.default\">\n\t\t\t\t<div class=\"elementor-widget-container\">\n\t\t\t\t\t<h2 class=\"elementor-heading-title elementor-size-default\">Pour la science<\/h2>\t\t\t\t<\/div>\n\t\t\t\t<\/div>\n\t\t\t\t<div class=\"elementor-element elementor-element-9adb43f elementor-widget elementor-widget-text-editor\" data-id=\"9adb43f\" data-element_type=\"widget\" data-widget_type=\"text-editor.default\">\n\t\t\t\t<div class=\"elementor-widget-container\">\n\t\t\t\t\t\t\t\t\t<p>Le t\u00e9lescope Einstein permet de mesurer de l\u00e9g\u00e8res variations de distance entre une source laser et un miroir. \u00ab Ces variations peuvent \u00eatre dues \u00e0 la gravit\u00e9, mais aussi aux vibrations caus\u00e9es par les trains, les camions et d\u2019autres facteurs environnementaux \u00bb, explique Gerjan. \u00ab En construisant cette fois-ci le t\u00e9lescope sous terre et en l&rsquo;\u00e9quipant de la meilleure technologie actuellement disponible, nous pouvons effectuer des mesures beaucoup plus pr\u00e9cises et affiner davantage la th\u00e9orie. \u00bb<\/p>\n<p>C&rsquo;est int\u00e9ressant d&rsquo;un point de vue scientifique, car cela nous permet d&rsquo;en savoir plus sur l&rsquo;origine de notre univers. \u00ab Les ondes gravitationnelles constituent un autre \u00ab sens \u00bb permettant d&rsquo;\u00e9tudier l&rsquo;univers. Au cours des 400 derni\u00e8res ann\u00e9es, nous l&rsquo;avons fait via le spectre \u00e9lectromagn\u00e9tique, comme avec le t\u00e9lescope spatial James Webb. Mais gr\u00e2ce \u00e0 la gravit\u00e9, nous pouvons \u00e9tudier la mati\u00e8re qui n&rsquo;\u00e9met pas de rayonnement \u00e9lectromagn\u00e9tique (comme la lumi\u00e8re) \u2013 ce qu&rsquo;on appelle la \u00ab mati\u00e8re noire \u00bb \u2013 et remonter encore plus loin dans le temps. \u00bb<\/p>\n<p>\u00ab Car jusqu\u2019\u00e0 environ 380 000 ans apr\u00e8s le Big Bang, il n\u2019y avait pas de lumi\u00e8re \u00bb, pr\u00e9cise Gerjan. \u00ab Il n\u2019\u00e9tait donc pas possible d\u2019observer quoi que ce soit. Jusqu\u2019\u00e0 pr\u00e9sent. En observant la gravit\u00e9, nous d\u00e9couvrirons des ph\u00e9nom\u00e8nes dont nous ignorons encore l\u2019existence. \u00bb<\/p>\n\t\t\t\t\t\t\t\t<\/div>\n\t\t\t\t<\/div>\n\t\t\t\t<div class=\"elementor-element elementor-element-76d9d98 elementor-widget elementor-widget-heading\" data-id=\"76d9d98\" data-element_type=\"widget\" data-widget_type=\"heading.default\">\n\t\t\t\t<div class=\"elementor-widget-container\">\n\t\t\t\t\t<h2 class=\"elementor-heading-title elementor-size-default\">Effet d'entra\u00eenement<\/h2>\t\t\t\t<\/div>\n\t\t\t\t<\/div>\n\t\t\t\t<div class=\"elementor-element elementor-element-7a811cd elementor-widget elementor-widget-text-editor\" data-id=\"7a811cd\" data-element_type=\"widget\" data-widget_type=\"text-editor.default\">\n\t\t\t\t<div class=\"elementor-widget-container\">\n\t\t\t\t\t\t\t\t\t<p>Mais au-del\u00e0 de la science, l&rsquo;arriv\u00e9e \u00e9ventuelle du t\u00e9lescope Einstein constitue \u00e9galement un enjeu majeur pour l&rsquo;industrie. \u00ab Tout d&rsquo;abord parce que nous avons besoin de l&rsquo;industrie pour mener \u00e0 bien cette prouesse scientifique \u00bb, explique Gerjan. \u00ab Mais aussi parce que la mise en place d&rsquo;un tel projet apporte des avantages \u00e0 l&rsquo;ensemble de la r\u00e9gion. C&rsquo;est un projet unique auquel une entreprise peut associer son nom. \u00bb<\/p>\n\t\t\t\t\t\t\t\t<\/div>\n\t\t\t\t<\/div>\n\t\t\t\t<div class=\"elementor-element elementor-element-3f20586 elementor-widget elementor-widget-text-editor\" data-id=\"3f20586\" data-element_type=\"widget\" data-widget_type=\"text-editor.default\">\n\t\t\t\t<div class=\"elementor-widget-container\">\n\t\t\t\t\t\t\t\t\t<h4>\u00ab Les techniques innovantes qui seront n\u00e9cessaires pourront ensuite \u00eatre appliqu\u00e9es \u00e0 d&rsquo;autres secteurs. Il est donc tr\u00e8s int\u00e9ressant d&rsquo;\u00eatre aux premi\u00e8res loges de cette \u00e9volution. Prenons l&rsquo;exemple d&rsquo;autres projets de \u00ab grande science \u00bb comme le CERN. On y observe clairement, apr\u00e8s quelques ann\u00e9es, un effet d&rsquo;entra\u00eenement sur l&rsquo;industrie locale. \u00bb<\/h4>\n\t\t\t\t\t\t\t\t<\/div>\n\t\t\t\t<\/div>\n\t\t\t\t<div class=\"elementor-element elementor-element-8994786 elementor-widget elementor-widget-text-editor\" data-id=\"8994786\" data-element_type=\"widget\" data-widget_type=\"text-editor.default\">\n\t\t\t\t<div class=\"elementor-widget-container\">\n\t\t\t\t\t\t\t\t\t<p>Gerjan \u00e9tablit \u00e9galement un lien avec la \u00ab guerre des talents \u00bb et l&rsquo;avenir des profils innovants au sein de nos formations. \u00ab Un projet comme le t\u00e9lescope Einstein est exactement la raison pour laquelle les meilleurs profils choisissent de venir travailler pour une entreprise. Il est con\u00e7u pour durer 50 ans et emploiera de nombreux scientifiques et ing\u00e9nieurs. \u00ab De plus, il s&rsquo;agit d&rsquo;un outil destin\u00e9 \u00e0 la prochaine g\u00e9n\u00e9ration qui, nous l&rsquo;esp\u00e9rons, incitera nos enfants \u00e0 s&rsquo;orienter vers les fili\u00e8res STEM, afin d&rsquo;attirer davantage de profils innovants sur notre march\u00e9 du travail. \u00bb<\/p>\n<p>Lors du salon Advanced Engineering, Gerjan pr\u00e9sentera les grandes lignes du projet lors d&rsquo;une conf\u00e9rence. L&rsquo;apr\u00e8s-midi, plusieurs scientifiques aborderont plus en d\u00e9tail les d\u00e9fis li\u00e9s aux capteurs lors d&rsquo;une session approfondie. \u00ab Venez nous rendre visite et laissez-vous s\u00e9duire par ce projet unique. Le t\u00e9lescope Einstein d\u00e9passe les fronti\u00e8res flamandes, belges et m\u00eame europ\u00e9ennes. Peu importe d&rsquo;o\u00f9 vous venez ou o\u00f9 vous exercez vos activit\u00e9s, vous pouvez contribuer \u00e0 l&rsquo;un des projets les plus innovants du moment \u00bb, conclut Gerjan.<\/p>\n<p><strong>Jeudi 7 mai \u00e0 11h30 sur Advanced Engineering. La session approfondie aura lieu plus tard dans la journ\u00e9e, de 13h30 \u00e0 15h. Vous trouverez d&rsquo;ores et d\u00e9j\u00e0 plus d&rsquo;informations sur <a href=\"http:\/\/www.einsteintelescope-emr.eu\/\">www.einsteintelescope-emr.eu<\/a> et <a href=\"http:\/\/www.etforbusiness.be\"><em>www.etforbusiness.be<\/em><\/a><em>.<\/em><\/strong><\/p>\n\t\t\t\t\t\t\t\t<\/div>\n\t\t\t\t<\/div>\n\t\t\t\t\t<\/div>\n\t\t\t\t<\/div>\n\t\t\t\t<\/div>\n\t\t","protected":false},"excerpt":{"rendered":"<p>Le t\u00e9lescope Einstein trouvera-t-il ou non sa place pr\u00e8s du point de rencontre entre la Belgique, les Pays-Bas et l&rsquo;Allemagne ? Gerjan van de Walle, charg\u00e9 du d\u00e9veloppement commercial au sein de l&rsquo;\u00e9quipe flamande du t\u00e9lescope Einstein, l&rsquo;esp\u00e8re vivement et vient \u00e0 Advanced Engineering pour mobiliser les entreprises et les ing\u00e9nieurs afin de contribuer \u00e0 [&hellip;]<\/p>\n","protected":false},"author":1614,"featured_media":115980,"comment_status":"closed","ping_status":"open","sticky":false,"template":"","format":"standard","meta":{"_seopress_robots_primary_cat":"none","_seopress_titles_title":"Le t\u00e9lescope Einstein : un projet d'ing\u00e9nierie unique en son genre","_seopress_titles_desc":"Venez d\u00e9couvrir le t\u00e9lescope Einstein les 6 et 7 mai lors du salon Advanced Engineering 2026 \u00e0 Flanders Expo.","_seopress_robots_index":"","footnotes":""},"categories":[357],"tags":[],"edition":[633],"class_list":["post-116667","post","type-post","status-publish","format-standard","has-post-thumbnail","hentry","category-inspiration-corner-fr","edition-advanced-engineering-2026"],"_links":{"self":[{"href":"https:\/\/www.ae-expo.be\/fr\/wp-json\/wp\/v2\/posts\/116667","targetHints":{"allow":["GET"]}}],"collection":[{"href":"https:\/\/www.ae-expo.be\/fr\/wp-json\/wp\/v2\/posts"}],"about":[{"href":"https:\/\/www.ae-expo.be\/fr\/wp-json\/wp\/v2\/types\/post"}],"author":[{"embeddable":true,"href":"https:\/\/www.ae-expo.be\/fr\/wp-json\/wp\/v2\/users\/1614"}],"replies":[{"embeddable":true,"href":"https:\/\/www.ae-expo.be\/fr\/wp-json\/wp\/v2\/comments?post=116667"}],"version-history":[{"count":2,"href":"https:\/\/www.ae-expo.be\/fr\/wp-json\/wp\/v2\/posts\/116667\/revisions"}],"predecessor-version":[{"id":116676,"href":"https:\/\/www.ae-expo.be\/fr\/wp-json\/wp\/v2\/posts\/116667\/revisions\/116676"}],"wp:featuredmedia":[{"embeddable":true,"href":"https:\/\/www.ae-expo.be\/fr\/wp-json\/wp\/v2\/media\/115980"}],"wp:attachment":[{"href":"https:\/\/www.ae-expo.be\/fr\/wp-json\/wp\/v2\/media?parent=116667"}],"wp:term":[{"taxonomy":"category","embeddable":true,"href":"https:\/\/www.ae-expo.be\/fr\/wp-json\/wp\/v2\/categories?post=116667"},{"taxonomy":"post_tag","embeddable":true,"href":"https:\/\/www.ae-expo.be\/fr\/wp-json\/wp\/v2\/tags?post=116667"},{"taxonomy":"edition","embeddable":true,"href":"https:\/\/www.ae-expo.be\/fr\/wp-json\/wp\/v2\/edition?post=116667"}],"curies":[{"name":"wp","href":"https:\/\/api.w.org\/{rel}","templated":true}]}}