{"id":116382,"date":"2026-02-17T10:47:05","date_gmt":"2026-02-17T09:47:05","guid":{"rendered":"https:\/\/www.ae-expo.be\/women-in-tech-linnovation-nait-a-la-croisee-des-perspectives\/"},"modified":"2026-02-17T10:47:06","modified_gmt":"2026-02-17T09:47:06","slug":"women-in-tech-linnovation-nait-a-la-croisee-des-perspectives","status":"publish","type":"post","link":"https:\/\/www.ae-expo.be\/fr\/women-in-tech-linnovation-nait-a-la-croisee-des-perspectives\/","title":{"rendered":"Women in Tech : \u00ab L&rsquo;innovation na\u00eet \u00e0 la crois\u00e9e des perspectives \u00bb"},"content":{"rendered":"\t\t<div data-elementor-type=\"wp-post\" data-elementor-id=\"116382\" class=\"elementor elementor-116382 elementor-116370\" data-elementor-post-type=\"post\">\n\t\t\t\t<div class=\"elementor-element elementor-element-c484c86 e-flex e-con-boxed e-con e-parent\" data-id=\"c484c86\" data-element_type=\"container\">\n\t\t\t\t\t<div class=\"e-con-inner\">\n\t\t\t\t<div class=\"elementor-element elementor-element-cd0c07c elementor-widget elementor-widget-text-editor\" data-id=\"cd0c07c\" data-element_type=\"widget\" data-widget_type=\"text-editor.default\">\n\t\t\t\t<div class=\"elementor-widget-container\">\n\t\t\t\t\t\t\t\t\t<p><strong>Pour la deuxi\u00e8me ann\u00e9e cons\u00e9cutive, Agoria se voit offrir une tribune lors du salon Advanced Engineering pour renforcer le r\u00f4le et la visibilit\u00e9 des femmes dans les secteurs technologique, industriel et de l&rsquo;ing\u00e9nierie gr\u00e2ce \u00e0 un programme Women in Tech. Au cours d&rsquo;une table ronde, des femmes occupant diff\u00e9rentes fonctions discuteront de l&rsquo;importance de la diversit\u00e9 des points de vue sur le lieu de travail. Laurence Jacobs assumera le r\u00f4le de mod\u00e9ratrice et \u00e9tablira un lien clair entre la diversit\u00e9 sur le lieu de travail, l&rsquo;innovation et la capacit\u00e9 \u00e0 r\u00e9pondre aux besoins du march\u00e9.<\/strong><\/p>\n\t\t\t\t\t\t\t\t<\/div>\n\t\t\t\t<\/div>\n\t\t\t\t\t<\/div>\n\t\t\t\t<\/div>\n\t\t<div class=\"elementor-element elementor-element-a68e439 e-flex e-con-boxed e-con e-parent\" data-id=\"a68e439\" data-element_type=\"container\">\n\t\t\t\t\t<div class=\"e-con-inner\">\n\t\t\t\t<div class=\"elementor-element elementor-element-a3467c7 elementor-widget elementor-widget-text-editor\" data-id=\"a3467c7\" data-element_type=\"widget\" data-widget_type=\"text-editor.default\">\n\t\t\t\t<div class=\"elementor-widget-container\">\n\t\t\t\t\t\t\t\t\t<p>Agoria est une f\u00e9d\u00e9ration sectorielle qui repr\u00e9sente et d\u00e9fend les entreprises technologiques. L&rsquo;organisation propose toute une s\u00e9rie de services auxquels ses membres peuvent faire appel, d\u00e9fend leurs int\u00e9r\u00eats tant au niveau national qu&rsquo;international et met les entreprises en contact les unes avec les autres afin de stimuler la collaboration.<\/p>\n<p>L&rsquo;un des d\u00e9fis du secteur reste la repr\u00e9sentation des femmes. \u00ab Seuls 22 % des employ\u00e9s du secteur industriel sont des femmes, et ce chiffre tombe \u00e0 19 % pour les postes de direction \u00bb, explique Laurence Jacobs, Manager Member Relations chez Agoria. \u00ab Pourtant, une repr\u00e9sentation \u00e9quitable offre des avantages \u00e9vidents en termes d&rsquo;innovation, de d\u00e9veloppement de produits et de fonctionnement des entreprises. Avec notre programme Women in Tech, nous voulons faire grimper ce chiffre. \u00bb<\/p>\n\t\t\t\t\t\t\t\t<\/div>\n\t\t\t\t<\/div>\n\t\t\t\t\t<\/div>\n\t\t\t\t<\/div>\n\t\t<div class=\"elementor-element elementor-element-4cf84cc e-flex e-con-boxed e-con e-parent\" data-id=\"4cf84cc\" data-element_type=\"container\">\n\t\t\t\t\t<div class=\"e-con-inner\">\n\t\t\t\t<div class=\"elementor-element elementor-element-4ad14b8 elementor-widget elementor-widget-heading\" data-id=\"4ad14b8\" data-element_type=\"widget\" data-widget_type=\"heading.default\">\n\t\t\t\t<div class=\"elementor-widget-container\">\n\t\t\t\t\t<h2 class=\"elementor-heading-title elementor-size-default\">Les femmes au sommet sur la sc\u00e8ne principale<\/h2>\t\t\t\t<\/div>\n\t\t\t\t<\/div>\n\t\t\t\t\t<\/div>\n\t\t\t\t<\/div>\n\t\t<div class=\"elementor-element elementor-element-5acf6b3 e-flex e-con-boxed e-con e-parent\" data-id=\"5acf6b3\" data-element_type=\"container\">\n\t\t\t\t\t<div class=\"e-con-inner\">\n\t\t\t\t<div class=\"elementor-element elementor-element-788e6c1 elementor-widget elementor-widget-text-editor\" data-id=\"788e6c1\" data-element_type=\"widget\" data-widget_type=\"text-editor.default\">\n\t\t\t\t<div class=\"elementor-widget-container\">\n\t\t\t\t\t\t\t\t\t<p>Avec le programme Women in Tech d&rsquo;Advanced Engineering, Laurence et Agoria souhaitent changer activement cette situation. Lors de la table ronde \u00ab Next-Gen Engineering : diverse perspectives driving innovation \u00bb, elles r\u00e9unissent trois femmes de haut niveau, chacune avec un parcours et une expertise diff\u00e9rents.<\/p>\n<p>\u00ab La premi\u00e8re \u00e0 se joindre \u00e0 nous est Tine Peeters, partenaire chez Superellipse. Elle a une formation en langues et travaille depuis de nombreuses ann\u00e9es comme partenaire dans une agence de design. Vient ensuite Tongtong Zheng, Senior R&amp;D Manager chez Onespan, titulaire d&rsquo;un master en ing\u00e9nierie et sp\u00e9cialis\u00e9e dans l&rsquo;IA. Enfin, nous vous pr\u00e9senterons Julie Vastmans, titulaire d&rsquo;un doctorat en biom\u00e9canique et Team Leader Engineering Digitalisation chez Atlas Copco. \u00bb<\/p>\n<p>Des profils tr\u00e8s diff\u00e9rents, et c&rsquo;est justement le but recherch\u00e9 selon Laurence : \u00ab L&rsquo;innovation ne na\u00eet pas dans votre propre silo, avec une \u00e9quipe homog\u00e8ne, mais \u00e0 la crois\u00e9e de diff\u00e9rentes perspectives. Alors que Tine se concentrera davantage sur l&rsquo;aspect humain, Tongtong partira du traitement des donn\u00e9es, tandis que Julie adoptera une perspective industrielle. \u00bb<\/p>\n<p>La table ronde est ouverte \u00e0 tous les visiteurs. Elle sera suivie d&rsquo;un moment de r\u00e9seautage pour les femmes actives dans le secteur. \u00ab Nous esp\u00e9rons que les femmes pourront y \u00e9changer leurs exp\u00e9riences et \u00e9largir leur r\u00e9seau. \u00bb<\/p>\n\t\t\t\t\t\t\t\t<\/div>\n\t\t\t\t<\/div>\n\t\t\t\t\t<\/div>\n\t\t\t\t<\/div>\n\t\t<div class=\"elementor-element elementor-element-8e515c3 e-flex e-con-boxed e-con e-parent\" data-id=\"8e515c3\" data-element_type=\"container\">\n\t\t\t\t\t<div class=\"e-con-inner\">\n\t\t\t\t<div class=\"elementor-element elementor-element-005f73a elementor-widget elementor-widget-heading\" data-id=\"005f73a\" data-element_type=\"widget\" data-widget_type=\"heading.default\">\n\t\t\t\t<div class=\"elementor-widget-container\">\n\t\t\t\t\t<h2 class=\"elementor-heading-title elementor-size-default\">Diversit\u00e9 = innovation<\/h2>\t\t\t\t<\/div>\n\t\t\t\t<\/div>\n\t\t\t\t\t<\/div>\n\t\t\t\t<\/div>\n\t\t<div class=\"elementor-element elementor-element-e06a427 e-flex e-con-boxed e-con e-parent\" data-id=\"e06a427\" data-element_type=\"container\">\n\t\t\t\t\t<div class=\"e-con-inner\">\n\t\t\t\t<div class=\"elementor-element elementor-element-9fecf1b elementor-widget elementor-widget-text-editor\" data-id=\"9fecf1b\" data-element_type=\"widget\" data-widget_type=\"text-editor.default\">\n\t\t\t\t<div class=\"elementor-widget-container\">\n\t\t\t\t\t\t\t\t\t<p>Ce message est au c\u0153ur de la discussion : la diversit\u00e9 stimule l&rsquo;innovation. \u00ab Les d\u00e9fis d&rsquo;aujourd&rsquo;hui ne sont plus purement techniques, ils impliquent \u00e9galement l&rsquo;humanit\u00e9, la compr\u00e9hension, la durabilit\u00e9 et la pertinence \u00e9conomique \u00bb, explique Laurence.<\/p>\n\t\t\t\t\t\t\t\t<\/div>\n\t\t\t\t<\/div>\n\t\t\t\t\t<\/div>\n\t\t\t\t<\/div>\n\t\t<div class=\"elementor-element elementor-element-c18815e e-flex e-con-boxed e-con e-parent\" data-id=\"c18815e\" data-element_type=\"container\">\n\t\t\t\t\t<div class=\"e-con-inner\">\n\t\t\t\t<div class=\"elementor-element elementor-element-e5776f0 elementor-widget elementor-widget-heading\" data-id=\"e5776f0\" data-element_type=\"widget\" data-widget_type=\"heading.default\">\n\t\t\t\t<div class=\"elementor-widget-container\">\n\t\t\t\t\t<h4 class=\"elementor-heading-title elementor-size-default\">\u00ab Donner une place et soutenir diff\u00e9rentes fa\u00e7ons de penser augmente l'intelligence collective de votre \u00e9quipe. \u00bb<\/h4>\t\t\t\t<\/div>\n\t\t\t\t<\/div>\n\t\t\t\t\t<\/div>\n\t\t\t\t<\/div>\n\t\t<div class=\"elementor-element elementor-element-46873a2 e-flex e-con-boxed e-con e-parent\" data-id=\"46873a2\" data-element_type=\"container\">\n\t\t\t\t\t<div class=\"e-con-inner\">\n\t\t\t\t<div class=\"elementor-element elementor-element-a096d67 elementor-widget elementor-widget-text-editor\" data-id=\"a096d67\" data-element_type=\"widget\" data-widget_type=\"text-editor.default\">\n\t\t\t\t<div class=\"elementor-widget-container\">\n\t\t\t\t\t\t\t\t\t<p>Et comment faire en sorte que votre \u00e9quipe soit \u00e0 la hauteur de ces d\u00e9fis ? En laissant d\u00e9lib\u00e9r\u00e9ment place \u00e0 la diversit\u00e9 au sein de votre organisation, afin que diff\u00e9rentes id\u00e9es puissent \u00eatre entendues et exploit\u00e9es.<\/p>\n<p>\u00ab Les diff\u00e9rentes fa\u00e7ons de penser donnent forme \u00e0 l&rsquo;innovation \u00bb, explique Laurence. \u00ab Et en laissant place \u00e0 ces diff\u00e9rentes fa\u00e7ons de penser et en les soutenant, vous augmentez l&rsquo;intelligence collective de votre \u00e9quipe. Cela conduit \u00e0 une v\u00e9ritable innovation. \u00bb<\/p>\n<p>Prenons l&rsquo;exemple du d\u00e9veloppement de produits : une personne ayant des connaissances en ergonomie peut \u00e9viter que les contraintes physiques ne soient n\u00e9glig\u00e9es. Dans le domaine du d\u00e9veloppement d&rsquo;applications, une personne ayant une formation en psychologie peut aider \u00e0 comprendre pourquoi les utilisateurs abandonnent ou reviennent. Et dans le cas des applications d&rsquo;IA, un juriste peut signaler les risques \u00e9thiques et r\u00e9glementaires d\u00e8s la phase de conception. En r\u00e9unissant ces perspectives, l&rsquo;innovation passe d&rsquo;un aspect purement technique \u00e0 un aspect durable, utile et socialement pertinent. \u00bb<\/p>\n<p>Cette diversit\u00e9 va bien s\u00fbr au-del\u00e0 de la simple distinction entre hommes et femmes : la culture, l&rsquo;origine ethnique, la formation et le milieu social jouent \u00e9galement un r\u00f4le.<\/p>\n\t\t\t\t\t\t\t\t<\/div>\n\t\t\t\t<\/div>\n\t\t\t\t\t<\/div>\n\t\t\t\t<\/div>\n\t\t<div class=\"elementor-element elementor-element-3622ea6 e-flex e-con-boxed e-con e-parent\" data-id=\"3622ea6\" data-element_type=\"container\">\n\t\t\t\t\t<div class=\"e-con-inner\">\n\t\t\t\t<div class=\"elementor-element elementor-element-2e9aba0 elementor-widget elementor-widget-heading\" data-id=\"2e9aba0\" data-element_type=\"widget\" data-widget_type=\"heading.default\">\n\t\t\t\t<div class=\"elementor-widget-container\">\n\t\t\t\t\t<h2 class=\"elementor-heading-title elementor-size-default\">Comment encourager la diversit\u00e9 ?<\/h2>\t\t\t\t<\/div>\n\t\t\t\t<\/div>\n\t\t\t\t\t<\/div>\n\t\t\t\t<\/div>\n\t\t<div class=\"elementor-element elementor-element-e5316f7 e-flex e-con-boxed e-con e-parent\" data-id=\"e5316f7\" data-element_type=\"container\">\n\t\t\t\t\t<div class=\"e-con-inner\">\n\t\t\t\t<div class=\"elementor-element elementor-element-3bdc6ee elementor-widget elementor-widget-text-editor\" data-id=\"3bdc6ee\" data-element_type=\"widget\" data-widget_type=\"text-editor.default\">\n\t\t\t\t<div class=\"elementor-widget-container\">\n\t\t\t\t\t\t\t\t\t<p>Comment une entreprise peut-elle concr\u00e8tement mettre cette id\u00e9e en pratique ? Le probl\u00e8me r\u00e9side souvent dans la motivation et la r\u00e9tention des femmes dans le secteur, explique Laurence : \u00ab Beaucoup plus de femmes trouvent leur voie dans le secteur, mais abandonnent apr\u00e8s un certain temps. Soit parce que leur expertise n&rsquo;est pas reconnue, soit parce qu&rsquo;elles n&rsquo;ont pas acc\u00e8s \u00e0 l&rsquo;\u00e9galit\u00e9 des chances, soit parce qu&rsquo;elles sont peu repr\u00e9sent\u00e9es, soit parce qu&rsquo;elles ne sont pas soutenues dans la conciliation entre vie professionnelle et vie familiale, la plupart des t\u00e2ches domestiques incombant encore souvent aux femmes. \u00bb<\/p>\n\t\t\t\t\t\t\t\t<\/div>\n\t\t\t\t<\/div>\n\t\t\t\t\t<\/div>\n\t\t\t\t<\/div>\n\t\t<div class=\"elementor-element elementor-element-0bcbe5f e-flex e-con-boxed e-con e-parent\" data-id=\"0bcbe5f\" data-element_type=\"container\">\n\t\t\t\t\t<div class=\"e-con-inner\">\n\t\t\t\t<div class=\"elementor-element elementor-element-d41b3c2 elementor-widget elementor-widget-heading\" data-id=\"d41b3c2\" data-element_type=\"widget\" data-widget_type=\"heading.default\">\n\t\t\t\t<div class=\"elementor-widget-container\">\n\t\t\t\t\t<h4 class=\"elementor-heading-title elementor-size-default\">\u00ab Quiconque souhaite d\u00e9velopper des produits qui r\u00e9pondent aux besoins d'une soci\u00e9t\u00e9 diversifi\u00e9e doit voir cette diversit\u00e9 refl\u00e9t\u00e9e au sein de sa propre organisation. \u00bb<\/h4>\t\t\t\t<\/div>\n\t\t\t\t<\/div>\n\t\t\t\t\t<\/div>\n\t\t\t\t<\/div>\n\t\t<div class=\"elementor-element elementor-element-3cde08e e-flex e-con-boxed e-con e-parent\" data-id=\"3cde08e\" data-element_type=\"container\">\n\t\t\t\t\t<div class=\"e-con-inner\">\n\t\t\t\t<div class=\"elementor-element elementor-element-3ecfe30 elementor-widget elementor-widget-text-editor\" data-id=\"3ecfe30\" data-element_type=\"widget\" data-widget_type=\"text-editor.default\">\n\t\t\t\t<div class=\"elementor-widget-container\">\n\t\t\t\t\t\t\t\t\t<p>\u00ab En tant que chef d&rsquo;entreprise, il est donc pr\u00e9f\u00e9rable d&rsquo;examiner d&rsquo;un \u0153il critique qui prend les d\u00e9cisions. Qui prend les d\u00e9cisions ? Qui a de l&rsquo;influence ? S&rsquo;agit-il souvent des m\u00eames profils ? Et ces profils \u00e9coutent-ils autant toutes les voix au sein de l&rsquo;entreprise ? \u00bb<\/p>\n<p>Veiller \u00e0 ce qu&rsquo;il y ait suffisamment de place pour diff\u00e9rents profils au sein de votre \u00e9quipe contribue non seulement \u00e0 votre image de marque en tant qu&#8217;employeur \u2013 et constitue une r\u00e9ponse \u00e0 la guerre des talents \u2013, mais vous permet \u00e9galement d&rsquo;\u00eatre plus proche des besoins de vos utilisateurs. \u00ab La soci\u00e9t\u00e9 est de plus en plus diversifi\u00e9e. Si vous souhaitez d\u00e9velopper des produits et des services qui y r\u00e9pondent, cette diversit\u00e9 doit \u00e9galement se refl\u00e9ter au sein de votre propre organisation \u00bb, conclut Laurence.<\/p>\n\t\t\t\t\t\t\t\t<\/div>\n\t\t\t\t<\/div>\n\t\t\t\t\t<\/div>\n\t\t\t\t<\/div>\n\t\t<div class=\"elementor-element elementor-element-0e704fa e-flex e-con-boxed e-con e-parent\" data-id=\"0e704fa\" data-element_type=\"container\">\n\t\t\t\t\t<div class=\"e-con-inner\">\n\t\t\t\t<div class=\"elementor-element elementor-element-2a2200a elementor-widget elementor-widget-text-editor\" data-id=\"2a2200a\" data-element_type=\"widget\" data-widget_type=\"text-editor.default\">\n\t\t\t\t<div class=\"elementor-widget-container\">\n\t\t\t\t\t\t\t\t\t<p><em><strong>Une discussion passionnante et inspirante sur la diversit\u00e9, directement li\u00e9e \u00e0 l&rsquo;innovation. Une invitation \u00e0 porter un regard critique sur votre propre \u00e9quipe et votre organisation. Un rendez-vous incontournable pour les chefs d&rsquo;entreprise qui souhaitent construire de mani\u00e8re durable et p\u00e9renne. La table ronde d&rsquo;Agoria, anim\u00e9e par Laurence Jacobs, aura lieu le mercredi 6 mai de 12h \u00e0 13h sur la sc\u00e8ne principale d&rsquo;Advanced Engineering \u00e0 Flanders Expo Gand.<\/strong><\/em><\/p>\n\t\t\t\t\t\t\t\t<\/div>\n\t\t\t\t<\/div>\n\t\t\t\t\t<\/div>\n\t\t\t\t<\/div>\n\t\t\t\t<\/div>\n\t\t","protected":false},"excerpt":{"rendered":"<p>Pour la deuxi\u00e8me ann\u00e9e cons\u00e9cutive, Agoria se voit offrir une tribune lors du salon Advanced Engineering pour renforcer le r\u00f4le et la visibilit\u00e9 des femmes dans les secteurs technologique, industriel et de l&rsquo;ing\u00e9nierie gr\u00e2ce \u00e0 un programme Women in Tech. Au cours d&rsquo;une table ronde, des femmes occupant diff\u00e9rentes fonctions discuteront de l&rsquo;importance de la [&hellip;]<\/p>\n","protected":false},"author":1475,"featured_media":116375,"comment_status":"closed","ping_status":"open","sticky":false,"template":"","format":"standard","meta":{"_seopress_robots_primary_cat":"none","_seopress_titles_title":"Women in Tech : \u00ab L'innovation na\u00eet \u00e0 la crois\u00e9e des perspectives \u00bb","_seopress_titles_desc":"Entretien avec Laurence Jacobs - Agoria","_seopress_robots_index":"","footnotes":""},"categories":[357],"tags":[],"edition":[633],"class_list":["post-116382","post","type-post","status-publish","format-standard","has-post-thumbnail","hentry","category-inspiration-corner-fr","edition-advanced-engineering-2026"],"_links":{"self":[{"href":"https:\/\/www.ae-expo.be\/fr\/wp-json\/wp\/v2\/posts\/116382","targetHints":{"allow":["GET"]}}],"collection":[{"href":"https:\/\/www.ae-expo.be\/fr\/wp-json\/wp\/v2\/posts"}],"about":[{"href":"https:\/\/www.ae-expo.be\/fr\/wp-json\/wp\/v2\/types\/post"}],"author":[{"embeddable":true,"href":"https:\/\/www.ae-expo.be\/fr\/wp-json\/wp\/v2\/users\/1475"}],"replies":[{"embeddable":true,"href":"https:\/\/www.ae-expo.be\/fr\/wp-json\/wp\/v2\/comments?post=116382"}],"version-history":[{"count":1,"href":"https:\/\/www.ae-expo.be\/fr\/wp-json\/wp\/v2\/posts\/116382\/revisions"}],"predecessor-version":[{"id":116383,"href":"https:\/\/www.ae-expo.be\/fr\/wp-json\/wp\/v2\/posts\/116382\/revisions\/116383"}],"wp:featuredmedia":[{"embeddable":true,"href":"https:\/\/www.ae-expo.be\/fr\/wp-json\/wp\/v2\/media\/116375"}],"wp:attachment":[{"href":"https:\/\/www.ae-expo.be\/fr\/wp-json\/wp\/v2\/media?parent=116382"}],"wp:term":[{"taxonomy":"category","embeddable":true,"href":"https:\/\/www.ae-expo.be\/fr\/wp-json\/wp\/v2\/categories?post=116382"},{"taxonomy":"post_tag","embeddable":true,"href":"https:\/\/www.ae-expo.be\/fr\/wp-json\/wp\/v2\/tags?post=116382"},{"taxonomy":"edition","embeddable":true,"href":"https:\/\/www.ae-expo.be\/fr\/wp-json\/wp\/v2\/edition?post=116382"}],"curies":[{"name":"wp","href":"https:\/\/api.w.org\/{rel}","templated":true}]}}