{"id":107423,"date":"2025-05-19T10:58:20","date_gmt":"2025-05-19T08:58:20","guid":{"rendered":"https:\/\/www.ae-expo.be\/innovation-a-la-defense-les-opportunites-pour-vous-ou-votre-entreprise-dans-larmee-belge\/"},"modified":"2025-05-19T10:58:27","modified_gmt":"2025-05-19T08:58:27","slug":"innovation-a-la-defense-les-opportunites-pour-vous-ou-votre-entreprise-dans-larmee-belge","status":"publish","type":"post","link":"https:\/\/www.ae-expo.be\/fr\/innovation-a-la-defense-les-opportunites-pour-vous-ou-votre-entreprise-dans-larmee-belge\/","title":{"rendered":"Innovation \u00e0 la D\u00e9fense : Les opportunit\u00e9s pour vous (ou votre entreprise) dans l\u2019arm\u00e9e belge"},"content":{"rendered":"\t\t<div data-elementor-type=\"wp-post\" data-elementor-id=\"107423\" class=\"elementor elementor-107423\" data-elementor-post-type=\"post\">\n\t\t\t\t<div class=\"elementor-element elementor-element-9299a29 e-flex e-con-boxed e-con e-parent\" data-id=\"9299a29\" data-element_type=\"container\">\n\t\t\t\t\t<div class=\"e-con-inner\">\n\t\t\t\t<div class=\"elementor-element elementor-element-b1086a0 elementor-widget elementor-widget-text-editor\" data-id=\"b1086a0\" data-element_type=\"widget\" data-widget_type=\"text-editor.default\">\n\t\t\t\t<div class=\"elementor-widget-container\">\n\t\t\t\t\t\t\t\t\t<p data-start=\"195\" data-end=\"526\"><strong>Voir la D\u00e9fense \u00e0 un salon comme <em data-start=\"228\" data-end=\"250\">Advanced Engineering<\/em>, ce n\u2019est peut-\u00eatre pas une association \u00e9vidente \u00e0 premi\u00e8re vue. Et pourtant, elle a tout son sens. Le major Koen Ceulemans, <em data-start=\"376\" data-end=\"396\">Innovation Officer<\/em> pour l\u2019Arm\u00e9e de Terre belge, expliquera pourquoi lors de sa conf\u00e9rence \u00e0 <em data-start=\"470\" data-end=\"492\">Advanced Engineering<\/em> \u00e0 Flanders Expo, le jeudi 22 mai.<\/strong><\/p>\n\t\t\t\t\t\t\t\t<\/div>\n\t\t\t\t<\/div>\n\t\t\t\t\t<\/div>\n\t\t\t\t<\/div>\n\t\t<div class=\"elementor-element elementor-element-2cfbb26 e-flex e-con-boxed e-con e-parent\" data-id=\"2cfbb26\" data-element_type=\"container\">\n\t\t\t\t\t<div class=\"e-con-inner\">\n\t\t\t\t<div class=\"elementor-element elementor-element-50c77db elementor-align-center elementor-mobile-align-right elementor-tablet-align-left elementor-widget__width-auto elementor-widget elementor-widget-dynamic-button\" data-id=\"50c77db\" data-element_type=\"widget\" data-widget_type=\"dynamic-button.default\">\n\t\t\t\t<div class=\"elementor-widget-container\">\n\t\t\t\t\t        <div class=\"elementor-button-wrapper\">\n            <a href=\"https:\/\/register.visitcloud.com\/survey\/1bxtt4nptwvtc\" target=\"_blank\" class=\"elementor-button-link elementor-button elementor-size-xs\" role=\"button\">\n                        <span class=\"elementor-button-content-wrapper\">\n\t\t\t\t\t\t<span class=\"elementor-button-text\">Inscrivez-vous maintenant<\/span>\n\t\t<\/span>\n                    <\/a>\n        <\/div>\n        \t\t\t\t<\/div>\n\t\t\t\t<\/div>\n\t\t\t\t\t<\/div>\n\t\t\t\t<\/div>\n\t\t<div class=\"elementor-element elementor-element-8c65085 e-flex e-con-boxed e-con e-parent\" data-id=\"8c65085\" data-element_type=\"container\">\n\t\t\t\t\t<div class=\"e-con-inner\">\n\t\t\t\t<div class=\"elementor-element elementor-element-3653090 elementor-widget elementor-widget-text-editor\" data-id=\"3653090\" data-element_type=\"widget\" data-widget_type=\"text-editor.default\">\n\t\t\t\t<div class=\"elementor-widget-container\">\n\t\t\t\t\t\t\t\t\t<p data-start=\"584\" data-end=\"900\">Toute personne un tant soit peu connect\u00e9e au monde sait que la situation g\u00e9opolitique actuelle est, pour le dire de mani\u00e8re euph\u00e9mique, instable. Faut-il craindre une guerre imminente pour la Belgique ou l\u2019Europe ? Le d\u00e9bat reste ouvert. Ce qui est s\u00fbr, c\u2019est que notre pays doit renforcer sa capacit\u00e9 d\u2019autod\u00e9fense.<\/p>\n\t\t\t\t\t\t\t\t<\/div>\n\t\t\t\t<\/div>\n\t\t\t\t\t<\/div>\n\t\t\t\t<\/div>\n\t\t<div class=\"elementor-element elementor-element-16d06c5 e-flex e-con-boxed e-con e-parent\" data-id=\"16d06c5\" data-element_type=\"container\">\n\t\t\t\t\t<div class=\"e-con-inner\">\n\t\t\t\t<div class=\"elementor-element elementor-element-f644386 elementor-widget elementor-widget-heading\" data-id=\"f644386\" data-element_type=\"widget\" data-widget_type=\"heading.default\">\n\t\t\t\t<div class=\"elementor-widget-container\">\n\t\t\t\t\t<h2 class=\"elementor-heading-title elementor-size-default\">Changer de cap<\/h2>\t\t\t\t<\/div>\n\t\t\t\t<\/div>\n\t\t\t\t<div class=\"elementor-element elementor-element-969d6ae elementor-widget elementor-widget-text-editor\" data-id=\"969d6ae\" data-element_type=\"widget\" data-widget_type=\"text-editor.default\">\n\t\t\t\t<div class=\"elementor-widget-container\">\n\t\t\t\t\t\t\t\t\t<p data-start=\"926\" data-end=\"1408\">C\u2019est l\u00e0 que Koen Ceulemans entre en sc\u00e8ne. Il est responsable de la promotion et du soutien \u00e0 l\u2019innovation <em data-start=\"1034\" data-end=\"1045\">bottom-up<\/em> au sein de l\u2019Arm\u00e9e de Terre. \u00ab Si on regarde le conflit en Ukraine, on observe des cycles d\u2019innovation de six \u00e0 douze semaines \u00bb, explique-t-il. \u00ab En comparaison, nous achetons actuellement des syst\u00e8mes pr\u00e9vus pour durer vingt ans. Tout \u00e9volue tr\u00e8s vite, et nous devons donc trouver une nouvelle mani\u00e8re de fonctionner, sans d\u00e9pendre enti\u00e8rement d\u2019autres pays. \u00bb<\/p>\n<p data-start=\"1410\" data-end=\"1710\">La Belgique ne manque pas de savoir-faire. Le probl\u00e8me se situe davantage au niveau des processus lourds et de la rigidit\u00e9 structurelle auxquels les entreprises se heurtent lorsqu\u2019elles veulent collaborer avec l\u2019arm\u00e9e belge. \u00ab Nous reconnaissons ce probl\u00e8me et travaillons activement \u00e0 le r\u00e9soudre. \u00bb<\/p>\n\t\t\t\t\t\t\t\t<\/div>\n\t\t\t\t<\/div>\n\t\t\t\t\t<\/div>\n\t\t\t\t<\/div>\n\t\t<div class=\"elementor-element elementor-element-76b24b9 e-flex e-con-boxed e-con e-parent\" data-id=\"76b24b9\" data-element_type=\"container\">\n\t\t\t\t\t<div class=\"e-con-inner\">\n\t\t\t\t<div class=\"elementor-element elementor-element-129728e elementor-widget elementor-widget-heading\" data-id=\"129728e\" data-element_type=\"widget\" data-widget_type=\"heading.default\">\n\t\t\t\t<div class=\"elementor-widget-container\">\n\t\t\t\t\t<h2 class=\"elementor-heading-title elementor-size-default\">Un nouveau syst\u00e8me<\/h2>\t\t\t\t<\/div>\n\t\t\t\t<\/div>\n\t\t\t\t<div class=\"elementor-element elementor-element-a441d99 elementor-widget elementor-widget-text-editor\" data-id=\"a441d99\" data-element_type=\"widget\" data-widget_type=\"text-editor.default\">\n\t\t\t\t<div class=\"elementor-widget-container\">\n\t\t\t\t\t\t\t\t\t<p data-start=\"1740\" data-end=\"2090\">Pour favoriser l\u2019innovation au sein de la D\u00e9fense, la plateforme <a class=\"\" href=\"http:\/\/www.inno4def.be\" target=\"_new\" rel=\"noopener\" data-start=\"1805\" data-end=\"1846\">www.inno4def.be<\/a> a \u00e9t\u00e9 lanc\u00e9e. Elle permet de soumettre des id\u00e9es directement, sans passer par la hi\u00e9rarchie habituelle. \u00ab Ainsi, les propositions innovantes re\u00e7oivent plus rapidement l\u2019attention qu\u2019elles m\u00e9ritent, et leur chance d\u2019\u00eatre d\u00e9velopp\u00e9es augmente. \u00bb<\/p>\n<p data-start=\"2092\" data-end=\"2462\">Sur ce site, tout le monde peut soumettre une id\u00e9e : multinationales, PME, ing\u00e9nieurs ind\u00e9pendants, particuliers\u2026 La proposition arrive directement chez Koen ou un de ses coll\u00e8gues. \u00ab Nous effectuons ensuite une \u00e9valuation rapide \u2014 en analysant la maturit\u00e9 de l\u2019id\u00e9e, les efforts n\u00e9cessaires, le budget disponible \u2014 puis nous d\u00e9cidons si le projet peut \u00eatre d\u00e9velopp\u00e9. \u00bb<\/p>\n\t\t\t\t\t\t\t\t<\/div>\n\t\t\t\t<\/div>\n\t\t\t\t\t<\/div>\n\t\t\t\t<\/div>\n\t\t<div class=\"elementor-element elementor-element-eae6a98 e-con-full e-flex e-con e-parent\" data-id=\"eae6a98\" data-element_type=\"container\">\n\t\t<div class=\"elementor-element elementor-element-51dd845 e-con-full e-flex e-con e-child\" data-id=\"51dd845\" data-element_type=\"container\">\n\t\t\t\t<div class=\"elementor-element elementor-element-0ed543d elementor-widget elementor-widget-heading\" data-id=\"0ed543d\" data-element_type=\"widget\" data-widget_type=\"heading.default\">\n\t\t\t\t<div class=\"elementor-widget-container\">\n\t\t\t\t\t<h2 class=\"elementor-heading-title elementor-size-default\">Back to basics 2.0<\/h2>\t\t\t\t<\/div>\n\t\t\t\t<\/div>\n\t\t\t\t<div class=\"elementor-element elementor-element-fc77a08 elementor-widget elementor-widget-text-editor\" data-id=\"fc77a08\" data-element_type=\"widget\" data-widget_type=\"text-editor.default\">\n\t\t\t\t<div class=\"elementor-widget-container\">\n\t\t\t\t\t\t\t\t\t<p data-start=\"2492\" data-end=\"2569\">Pour illustrer les besoins concrets de l\u2019arm\u00e9e belge, Koen donne un exemple :<\/p>\n<p data-start=\"2571\" data-end=\"2872\">\u00ab Sur le terrain, nous voulons revenir \u00e0 des communications filaires. Les messages sans fil sont facilement intercept\u00e9s ou d\u00e9tect\u00e9s. Pendant la Premi\u00e8re Guerre mondiale, on utilisait un t\u00e9l\u00e9phone de campagne \u00e0 deux fils, facile \u00e0 d\u00e9ployer par un soldat. Nous utilisons encore ce syst\u00e8me aujourd\u2019hui. \u00bb<\/p>\n\t\t\t\t\t\t\t\t<\/div>\n\t\t\t\t<\/div>\n\t\t\t\t<\/div>\n\t\t<div class=\"elementor-element elementor-element-daea67d e-con-full e-flex e-con e-child\" data-id=\"daea67d\" data-element_type=\"container\">\n\t\t\t\t<div class=\"elementor-element elementor-element-a488977 elementor-widget elementor-widget-text-editor\" data-id=\"a488977\" data-element_type=\"widget\" data-widget_type=\"text-editor.default\">\n\t\t\t\t<div class=\"elementor-widget-container\">\n\t\t\t\t\t\t\t\t\t<p>\u00ab L\u2019Arm\u00e9e de Terre souhaite maintenant un syst\u00e8me \u00e9quivalent, mais pas uniquement pour t\u00e9l\u00e9phoner. Il doit aussi pouvoir transmettre des donn\u00e9es, photos ou signaux de capteurs. Cela est techniquement possible avec la fibre optique, mais celle-ci n\u2019est pas pratique \u00e0 d\u00e9ployer facilement sur un champ de bataille, surtout pour un usage temporaire. Cette technologie existe, mais il nous faut entrer en contact avec ceux qui peuvent l\u2019adapter \u00e0 notre r\u00e9alit\u00e9. \u00bb<\/p>\n\t\t\t\t\t\t\t\t<\/div>\n\t\t\t\t<\/div>\n\t\t\t\t<\/div>\n\t\t<div class=\"elementor-element elementor-element-a096d92 e-con-full e-flex e-con e-child\" data-id=\"a096d92\" data-element_type=\"container\">\n\t\t\t\t<div class=\"elementor-element elementor-element-3c8a349 elementor-widget elementor-widget-image\" data-id=\"3c8a349\" data-element_type=\"widget\" data-widget_type=\"image.default\">\n\t\t\t\t<div class=\"elementor-widget-container\">\n\t\t\t\t\t\t\t\t\t\t\t\t\t\t\t<img fetchpriority=\"high\" decoding=\"async\" width=\"800\" height=\"600\" src=\"https:\/\/easyfairsassets.com\/sites\/303\/2025\/05\/Koen-Ceulemans-1.jpg\" class=\"attachment-large size-large wp-image-106827\" alt=\"back to basics 2.0\" srcset=\"https:\/\/easyfairsassets.com\/sites\/303\/2025\/05\/Koen-Ceulemans-1.jpg 1024w, https:\/\/easyfairsassets.com\/sites\/303\/2025\/05\/Koen-Ceulemans-1-300x225.jpg 300w, https:\/\/easyfairsassets.com\/sites\/303\/2025\/05\/Koen-Ceulemans-1-768x576.jpg 768w\" sizes=\"(max-width: 800px) 100vw, 800px\" \/>\t\t\t\t\t\t\t\t\t\t\t\t\t\t\t<\/div>\n\t\t\t\t<\/div>\n\t\t\t\t<\/div>\n\t\t\t\t<\/div>\n\t\t<div class=\"elementor-element elementor-element-cbf8239 e-flex e-con-boxed e-con e-parent\" data-id=\"cbf8239\" data-element_type=\"container\">\n\t\t\t\t\t<div class=\"e-con-inner\">\n\t\t\t\t<div class=\"elementor-element elementor-element-db60629 elementor-widget elementor-widget-heading\" data-id=\"db60629\" data-element_type=\"widget\" data-widget_type=\"heading.default\">\n\t\t\t\t<div class=\"elementor-widget-container\">\n\t\t\t\t\t<h2 class=\"elementor-heading-title elementor-size-default\">R\u00e9servistes sp\u00e9cialis\u00e9s<\/h2>\t\t\t\t<\/div>\n\t\t\t\t<\/div>\n\t\t\t\t<div class=\"elementor-element elementor-element-204c6b5 elementor-widget elementor-widget-text-editor\" data-id=\"204c6b5\" data-element_type=\"widget\" data-widget_type=\"text-editor.default\">\n\t\t\t\t<div class=\"elementor-widget-container\">\n\t\t\t\t\t\t\t\t\t<p data-start=\"3368\" data-end=\"3654\">La conf\u00e9rence de Koen abordera aussi les le\u00e7ons tir\u00e9es par l\u2019arm\u00e9e des conflits actuels. Elle se veut \u00e9galement un appel fort aux entreprises belges, ing\u00e9nieurs, d\u00e9veloppeurs de produits\u2026 pour qu\u2019ils r\u00e9fl\u00e9chissent aux technologies, mat\u00e9riaux et r\u00e9seaux pouvant \u00eatre utiles \u00e0 la D\u00e9fense.<\/p>\n<p data-start=\"3656\" data-end=\"4075\">En plus, les visiteurs d\u2019<em data-start=\"3681\" data-end=\"3703\">Advanced Engineering<\/em> sont particuli\u00e8rement bien plac\u00e9s pour devenir r\u00e9servistes. \u00ab Nous recherchons constamment des r\u00e9servistes sp\u00e9cialis\u00e9s. Si vous avez, par exemple, une formation d\u2019ing\u00e9nieur, vous correspondez parfaitement au profil. En plus, c\u2019est le meilleur moyen de comprendre les besoins r\u00e9els de l\u2019arm\u00e9e, et ainsi de pouvoir adapter ensuite vos produits ou mat\u00e9riaux \u00bb, conclut Koen.<\/p>\n<p data-start=\"4077\" data-end=\"4378\">Une conf\u00e9rence \u00e0 ne pas manquer, en parfaite ad\u00e9quation avec les enjeux actuels. Une occasion unique de d\u00e9couvrir des opportunit\u00e9s inattendues tout en contribuant \u00e0 la r\u00e9silience de notre pays. Soyez pr\u00e9sent le <strong data-start=\"4288\" data-end=\"4326\">jeudi 22 mai \u00e0 Flanders Expo, Gand<\/strong>, et <strong data-start=\"4331\" data-end=\"4365\">inscrivez-vous d\u00e8s aujourd\u2019hui<\/strong>. \u00c0 bient\u00f4t !<\/p>\n\t\t\t\t\t\t\t\t<\/div>\n\t\t\t\t<\/div>\n\t\t\t\t\t<\/div>\n\t\t\t\t<\/div>\n\t\t\t\t<\/div>\n\t\t","protected":false},"excerpt":{"rendered":"<p>Voir la D\u00e9fense \u00e0 un salon comme Advanced Engineering, ce n\u2019est peut-\u00eatre pas une association \u00e9vidente \u00e0 premi\u00e8re vue. Et pourtant, elle a tout son sens. Le major Koen Ceulemans, Innovation Officer pour l\u2019Arm\u00e9e de Terre belge, expliquera pourquoi lors de sa conf\u00e9rence \u00e0 Advanced Engineering \u00e0 Flanders Expo, le jeudi 22 mai. Inscrivez-vous maintenant [&hellip;]<\/p>\n","protected":false},"author":949,"featured_media":104671,"comment_status":"closed","ping_status":"open","sticky":false,"template":"","format":"standard","meta":{"_seopress_robots_primary_cat":"none","_seopress_titles_title":"Innovation \u00e0 la D\u00e9fense - Advanced Engineering","_seopress_titles_desc":"Innovation \u00e0 la D\u00e9fense : Les opportunit\u00e9s pour vous (ou votre entreprise) dans l\u2019arm\u00e9e belge - Major Koen Ceulemans","_seopress_robots_index":"","footnotes":""},"categories":[357],"tags":[],"edition":[612],"class_list":["post-107423","post","type-post","status-publish","format-standard","has-post-thumbnail","hentry","category-inspiration-corner-fr","edition-advanced-engineering-2025"],"_links":{"self":[{"href":"https:\/\/www.ae-expo.be\/fr\/wp-json\/wp\/v2\/posts\/107423","targetHints":{"allow":["GET"]}}],"collection":[{"href":"https:\/\/www.ae-expo.be\/fr\/wp-json\/wp\/v2\/posts"}],"about":[{"href":"https:\/\/www.ae-expo.be\/fr\/wp-json\/wp\/v2\/types\/post"}],"author":[{"embeddable":true,"href":"https:\/\/www.ae-expo.be\/fr\/wp-json\/wp\/v2\/users\/949"}],"replies":[{"embeddable":true,"href":"https:\/\/www.ae-expo.be\/fr\/wp-json\/wp\/v2\/comments?post=107423"}],"version-history":[{"count":1,"href":"https:\/\/www.ae-expo.be\/fr\/wp-json\/wp\/v2\/posts\/107423\/revisions"}],"predecessor-version":[{"id":107424,"href":"https:\/\/www.ae-expo.be\/fr\/wp-json\/wp\/v2\/posts\/107423\/revisions\/107424"}],"wp:featuredmedia":[{"embeddable":true,"href":"https:\/\/www.ae-expo.be\/fr\/wp-json\/wp\/v2\/media\/104671"}],"wp:attachment":[{"href":"https:\/\/www.ae-expo.be\/fr\/wp-json\/wp\/v2\/media?parent=107423"}],"wp:term":[{"taxonomy":"category","embeddable":true,"href":"https:\/\/www.ae-expo.be\/fr\/wp-json\/wp\/v2\/categories?post=107423"},{"taxonomy":"post_tag","embeddable":true,"href":"https:\/\/www.ae-expo.be\/fr\/wp-json\/wp\/v2\/tags?post=107423"},{"taxonomy":"edition","embeddable":true,"href":"https:\/\/www.ae-expo.be\/fr\/wp-json\/wp\/v2\/edition?post=107423"}],"curies":[{"name":"wp","href":"https:\/\/api.w.org\/{rel}","templated":true}]}}