{"id":100183,"date":"2025-03-26T13:21:02","date_gmt":"2025-03-26T12:21:02","guid":{"rendered":"https:\/\/www.ae-expo.be\/les-idees-fausses-sur-lecoconception-et-leconomie-circulaire\/"},"modified":"2025-05-13T11:15:56","modified_gmt":"2025-05-13T09:15:56","slug":"les-idees-fausses-sur-lecoconception-et-leconomie-circulaire","status":"publish","type":"post","link":"https:\/\/www.ae-expo.be\/fr\/les-idees-fausses-sur-lecoconception-et-leconomie-circulaire\/","title":{"rendered":"Les id\u00e9es fausses sur l&rsquo;\u00e9coconception et l&rsquo;\u00e9conomie circulaire"},"content":{"rendered":"\t\t<div data-elementor-type=\"wp-post\" data-elementor-id=\"100183\" class=\"elementor elementor-100183 elementor-99915\" data-elementor-post-type=\"post\">\n\t\t\t\t<div class=\"elementor-element elementor-element-b09f416 e-flex e-con-boxed e-con e-parent\" data-id=\"b09f416\" data-element_type=\"container\">\n\t\t\t\t\t<div class=\"e-con-inner\">\n\t\t\t\t<div class=\"elementor-element elementor-element-66549ba elementor-widget elementor-widget-text-editor\" data-id=\"66549ba\" data-element_type=\"widget\" data-widget_type=\"text-editor.default\">\n\t\t\t\t<div class=\"elementor-widget-container\">\n\t\t\t\t\t\t\t\t\t<p><strong>Le terme \u00ab \u00e9conomie circulaire \u00bb est omnipr\u00e9sent mais encore souvent mal compris. Par cons\u00e9quent, les efforts d\u00e9ploy\u00e9s pour parvenir \u00e0 ce mod\u00e8le, notamment par le biais des principes de l&rsquo;\u00e9coconception, se limitent souvent aux fruits les plus faciles \u00e0 cueillir ou sont des exemples d&rsquo;\u00e9coblanchiment. C&rsquo;est ce que Karine Van Doorsselaer, ma\u00eetre de conf\u00e9rences en science des mat\u00e9riaux et en \u00e9coconception \u00e0 l&rsquo;universit\u00e9 d&rsquo;Anvers, souhaite changer avec sa conf\u00e9rence du jeudi 22 mai dans le cadre de l&rsquo;Advanced Engineering.<\/strong><\/p>\n\t\t\t\t\t\t\t\t<\/div>\n\t\t\t\t<\/div>\n\t\t\t\t<div class=\"elementor-element elementor-element-1e0f5ee elementor-widget elementor-widget-text-editor\" data-id=\"1e0f5ee\" data-element_type=\"widget\" data-widget_type=\"text-editor.default\">\n\t\t\t\t<div class=\"elementor-widget-container\">\n\t\t\t\t\t\t\t\t\t<p>Les gobelets en carton sont-ils meilleurs pour l&rsquo;environnement que les gobelets en plastique ? La circularit\u00e9 et l&rsquo;impact environnemental peuvent-ils \u00eatre exprim\u00e9s en chiffres ? Cela peut vous surprendre, mais la r\u00e9ponse \u00e0 ces questions est \u00ab non \u00bb. \u00ab Ces id\u00e9es fausses sur l&rsquo;\u00e9coconception et l&rsquo;\u00e9conomie circulaire, et bien d&rsquo;autres encore, doivent \u00eatre dissip\u00e9es \u00bb, affirme Karine.<\/p>\n\t\t\t\t\t\t\t\t<\/div>\n\t\t\t\t<\/div>\n\t\t\t\t<div class=\"elementor-element elementor-element-e2aa735 elementor-align-center elementor-mobile-align-right elementor-tablet-align-left elementor-widget__width-auto elementor-widget elementor-widget-dynamic-button\" data-id=\"e2aa735\" data-element_type=\"widget\" data-widget_type=\"dynamic-button.default\">\n\t\t\t\t<div class=\"elementor-widget-container\">\n\t\t\t\t\t        <div class=\"elementor-button-wrapper\">\n            <a href=\"https:\/\/register.visitcloud.com\/survey\/1bxtt4nptwvtc\" target=\"_blank\" class=\"elementor-button-link elementor-button elementor-size-xs\" role=\"button\">\n                        <span class=\"elementor-button-content-wrapper\">\n\t\t\t\t\t\t<span class=\"elementor-button-text\">Inscrivez-vous d\u00e8s maintenant et assistez \u00e0 la conf\u00e9rence<\/span>\n\t\t<\/span>\n                    <\/a>\n        <\/div>\n        \t\t\t\t<\/div>\n\t\t\t\t<\/div>\n\t\t\t\t<div class=\"elementor-element elementor-element-efef775 elementor-widget elementor-widget-heading\" data-id=\"efef775\" data-element_type=\"widget\" data-widget_type=\"heading.default\">\n\t\t\t\t<div class=\"elementor-widget-container\">\n\t\t\t\t\t<h2 class=\"elementor-heading-title elementor-size-default\">Le mat\u00e9riel \u00e9cologique n'existe pas<\/h2>\t\t\t\t<\/div>\n\t\t\t\t<\/div>\n\t\t\t\t<div class=\"elementor-element elementor-element-cad74e3 elementor-widget__width-initial elementor-widget elementor-widget-text-editor\" data-id=\"cad74e3\" data-element_type=\"widget\" data-widget_type=\"text-editor.default\">\n\t\t\t\t<div class=\"elementor-widget-container\">\n\t\t\t\t\t\t\t\t\t<p>L&rsquo;\u00e9coconception consiste \u00e0 concevoir des produits de mani\u00e8re \u00e0 ce qu&rsquo;ils aient le moins d&rsquo;impact polluant possible sur notre plan\u00e8te. Mais comment faire ? Et que faut-il prendre en compte ? Karine veut \u00e9largir la vision des ing\u00e9nieurs et des concepteurs. Elle y parvient notamment en examinant d&rsquo;un \u0153il critique l&rsquo;utilisation de mat\u00e9riaux \u00e9cologiques.<\/p>\n\t\t\t\t\t\t\t\t<\/div>\n\t\t\t\t<\/div>\n\t\t<div class=\"elementor-element elementor-element-d33f2b1 e-flex e-con-boxed e-con e-child\" data-id=\"d33f2b1\" data-element_type=\"container\">\n\t\t\t\t\t<div class=\"e-con-inner\">\n\t\t\t\t<div class=\"elementor-element elementor-element-ef1bafd elementor-widget__width-initial elementor-widget elementor-widget-text-editor\" data-id=\"ef1bafd\" data-element_type=\"widget\" data-widget_type=\"text-editor.default\">\n\t\t\t\t<div class=\"elementor-widget-container\">\n\t\t\t\t\t\t\t\t\t<p>\u00ab Parce qu&rsquo;il n&rsquo;y a rien de tel, il s&rsquo;agit d&rsquo;utiliser les mat\u00e9riaux de mani\u00e8re \u00e9cologique \u00bb. L&rsquo;id\u00e9e fausse selon laquelle l&rsquo;\u00e9conomie circulaire \u00e9quivaut au recyclage des mat\u00e9riaux est \u00e9galement d\u00e9mentie lors de la conf\u00e9rence. En effet, avant d&rsquo;\u00eatre recycl\u00e9, un produit doit \u00eatre utilis\u00e9 le plus longtemps possible, r\u00e9par\u00e9 ou r\u00e9utilis\u00e9, puis d\u00e9soss\u00e9 pour que ses composants soient r\u00e9utilisables.<\/p>\n\t\t\t\t\t\t\t\t<\/div>\n\t\t\t\t<\/div>\n\t\t\t\t<div class=\"elementor-element elementor-element-8aee8a3 elementor-widget elementor-widget-image\" data-id=\"8aee8a3\" data-element_type=\"widget\" data-widget_type=\"image.default\">\n\t\t\t\t<div class=\"elementor-widget-container\">\n\t\t\t\t\t\t\t\t\t\t\t\t\t\t\t<img fetchpriority=\"high\" decoding=\"async\" width=\"799\" height=\"533\" src=\"https:\/\/easyfairsassets.com\/sites\/303\/2025\/03\/53739117763_0071750fd2_c.jpg\" class=\"attachment-full size-full wp-image-101327\" alt=\"\" srcset=\"https:\/\/easyfairsassets.com\/sites\/303\/2025\/03\/53739117763_0071750fd2_c.jpg 799w, https:\/\/easyfairsassets.com\/sites\/303\/2025\/03\/53739117763_0071750fd2_c-300x200.jpg 300w, https:\/\/easyfairsassets.com\/sites\/303\/2025\/03\/53739117763_0071750fd2_c-768x512.jpg 768w\" sizes=\"(max-width: 799px) 100vw, 799px\" \/>\t\t\t\t\t\t\t\t\t\t\t\t\t\t\t<\/div>\n\t\t\t\t<\/div>\n\t\t\t\t\t<\/div>\n\t\t\t\t<\/div>\n\t\t\t\t<div class=\"elementor-element elementor-element-78b1325 elementor-widget elementor-widget-heading\" data-id=\"78b1325\" data-element_type=\"widget\" data-widget_type=\"heading.default\">\n\t\t\t\t<div class=\"elementor-widget-container\">\n\t\t\t\t\t<h2 class=\"elementor-heading-title elementor-size-default\">R\u00e9flexion sur le cycle de vie<\/h2>\t\t\t\t<\/div>\n\t\t\t\t<\/div>\n\t\t\t\t<div class=\"elementor-element elementor-element-e74c7a2 elementor-widget elementor-widget-text-editor\" data-id=\"e74c7a2\" data-element_type=\"widget\" data-widget_type=\"text-editor.default\">\n\t\t\t\t<div class=\"elementor-widget-container\">\n\t\t\t\t\t\t\t\t\t<p>\u00ab L&rsquo;\u00e9coconception consiste \u00e0 trouver un compromis entre toutes sortes de facteurs tels que l&rsquo;impact environnemental (de chaque phase de vie du produit !), les aspects techniques, le prix de revient, la dur\u00e9e de vie, la facilit\u00e9 d&rsquo;utilisation, la r\u00e9parabilit\u00e9, la r\u00e9utilisation et, enfin, la recyclabilit\u00e9. C&rsquo;est ce que l&rsquo;on appelle la \u00ab pens\u00e9e cycle de vie \u00bb.<\/p>\n<p>L&rsquo;utilisation de biomat\u00e9riaux doit \u00e9galement faire l&rsquo;objet d&rsquo;un examen critique. \u00ab Si vous misez sur l&rsquo;utilisation du bambou ou du chanvre, par exemple, mais que vous r\u00e9duisez fortement la dur\u00e9e de vie ou la facilit\u00e9 d&rsquo;utilisation d&rsquo;un produit, ce dernier finira beaucoup plus vite \u00e0 la d\u00e9charge. Cela n&rsquo;a rien d&rsquo;\u00e9cologique. L&rsquo;utilisation irr\u00e9fl\u00e9chie des biomat\u00e9riaux est un pi\u00e8ge dans lequel beaucoup de designers tombent !<\/p>\n<p>Avec sa conf\u00e9rence, Karine souhaite fournir des lunettes critiques pour travailler dans la vie de tous les jours et sur le terrain. \u00ab J&rsquo;esp\u00e8re que tous ceux qui suivront la conf\u00e9rence apprendront \u00e0 (mieux) penser \u00e0 long terme et r\u00e9aliseront qu&rsquo;il s&rsquo;agit d&rsquo;une responsabilit\u00e9 commune de rendre possible l&rsquo;\u00e9conomie circulaire.<\/p>\n<p>\u00ab 80% de l&rsquo;impact environnemental d&rsquo;un produit est d\u00e9termin\u00e9 pendant la phase de conception. Les concepteurs et les ing\u00e9nieurs ont donc une grande responsabilit\u00e9. Cependant, tout le monde, du gouvernement aux citoyens, a un int\u00e9r\u00eat dans cette transition vers une \u00e9conomie circulaire durable \u00bb, conclut Karine.<\/p>\n<p>\u00cates-vous vous-m\u00eame impliqu\u00e9 professionnellement dans le d\u00e9veloppement de produits ? Ou \u00eates-vous simplement fascin\u00e9 par la mani\u00e8re dont nous devrions tous assurer un avenir durable ? Alors cette conf\u00e9rence est \u00e0 ne pas manquer ! Inscrivez-vous ici \u00e0 la conf\u00e9rence Advanced Engineering on Wednesday<\/p>\n\t\t\t\t\t\t\t\t<\/div>\n\t\t\t\t<\/div>\n\t\t\t\t<div class=\"elementor-element elementor-element-e77d674 elementor-align-center elementor-mobile-align-right elementor-tablet-align-left elementor-widget__width-auto elementor-widget elementor-widget-dynamic-button\" data-id=\"e77d674\" data-element_type=\"widget\" data-widget_type=\"dynamic-button.default\">\n\t\t\t\t<div class=\"elementor-widget-container\">\n\t\t\t\t\t        <div class=\"elementor-button-wrapper\">\n            <a href=\"https:\/\/register.visitcloud.com\/survey\/1bxtt4nptwvtc\" target=\"_blank\" class=\"elementor-button-link elementor-button elementor-size-xs\" role=\"button\">\n                        <span class=\"elementor-button-content-wrapper\">\n\t\t\t\t\t\t<span class=\"elementor-button-text\">S'inscrire<\/span>\n\t\t<\/span>\n                    <\/a>\n        <\/div>\n        \t\t\t\t<\/div>\n\t\t\t\t<\/div>\n\t\t\t\t\t<\/div>\n\t\t\t\t<\/div>\n\t\t\t\t<\/div>\n\t\t","protected":false},"excerpt":{"rendered":"<p>Les gobelets en carton sont-ils meilleurs pour l&rsquo;environnement que les gobelets en plastique ? La circularit\u00e9 et l&rsquo;impact environnemental peuvent-ils \u00eatre exprim\u00e9s en chiffres ? \ud83e\udd14<br \/>\nCela peut vous surprendre, mais la r\u00e9ponse \u00e0 ces questions est \u00ab non \u00bb. \u00ab Ces id\u00e9es fausses, et bien d&rsquo;autres, sur l&rsquo;\u00e9coconception et l&rsquo;\u00e9conomie circulaire doivent \u00eatre dissip\u00e9es \u00bb, soutient Karine Van Doorsselaer, ma\u00eetre de conf\u00e9rences en science des mat\u00e9riaux et \u00e9coconception \u00e0 UAntwerpen, lors de la conf\u00e9rence qu&rsquo;elle donnera le jeudi 22 mai.<br \/>\n\u00c0 ne pas manquer pour les concepteurs et les ing\u00e9nieurs qui veulent construire un avenir durable, car \u00ab 80 % de l&rsquo;impact environnemental d&rsquo;un produit est d\u00e9termin\u00e9 pendant la phase de conception. \u00bb \u2757<br \/>\nVous n&rsquo;\u00eates pas encore s\u00fbr de vouloir visiter le salon ? Laissez Karine vous convaincre dans notre nouveau blog !<\/p>\n","protected":false},"author":219,"featured_media":106899,"comment_status":"closed","ping_status":"open","sticky":false,"template":"","format":"standard","meta":{"_seopress_robots_primary_cat":"none","_seopress_titles_title":"Les id\u00e9es fausses sur l'\u00e9coconception et l'\u00e9conomie circulaire\r\n","_seopress_titles_desc":"Les gobelets en carton sont-ils meilleurs pour l'environnement que les gobelets en plastique ? La circularit\u00e9 et l'impact environnemental peuvent-ils \u00eatre exprim\u00e9s en chiffres ? \ud83e\udd14\r\nCela peut vous surprendre, mais la r\u00e9ponse \u00e0 ces questions est \u00ab non \u00bb. \u00ab Ces id\u00e9es fausses, et bien d'autres, sur l'\u00e9coconception et l'\u00e9conomie circulaire doivent \u00eatre dissip\u00e9es \u00bb, soutient Karine Van Doorsselaer, ma\u00eetre de conf\u00e9rences en science des mat\u00e9riaux et \u00e9coconception \u00e0 UAntwerpen, lors de la conf\u00e9rence qu'elle donnera le jeudi 22 mai. \r\n\u00c0 ne pas manquer pour les concepteurs et les ing\u00e9nieurs qui veulent construire un avenir durable, car \u00ab 80 % de l'impact environnemental d'un produit est d\u00e9termin\u00e9 pendant la phase de conception. \u00bb \u2757\r\nVous n'\u00eates pas encore s\u00fbr de vouloir visiter le salon ? Laissez Karine vous convaincre dans notre nouveau blog !\r\n","_seopress_robots_index":"","footnotes":""},"categories":[357],"tags":[],"edition":[612],"class_list":["post-100183","post","type-post","status-publish","format-standard","has-post-thumbnail","hentry","category-inspiration-corner-fr","edition-advanced-engineering-2025"],"_links":{"self":[{"href":"https:\/\/www.ae-expo.be\/fr\/wp-json\/wp\/v2\/posts\/100183","targetHints":{"allow":["GET"]}}],"collection":[{"href":"https:\/\/www.ae-expo.be\/fr\/wp-json\/wp\/v2\/posts"}],"about":[{"href":"https:\/\/www.ae-expo.be\/fr\/wp-json\/wp\/v2\/types\/post"}],"author":[{"embeddable":true,"href":"https:\/\/www.ae-expo.be\/fr\/wp-json\/wp\/v2\/users\/219"}],"replies":[{"embeddable":true,"href":"https:\/\/www.ae-expo.be\/fr\/wp-json\/wp\/v2\/comments?post=100183"}],"version-history":[{"count":3,"href":"https:\/\/www.ae-expo.be\/fr\/wp-json\/wp\/v2\/posts\/100183\/revisions"}],"predecessor-version":[{"id":106902,"href":"https:\/\/www.ae-expo.be\/fr\/wp-json\/wp\/v2\/posts\/100183\/revisions\/106902"}],"wp:featuredmedia":[{"embeddable":true,"href":"https:\/\/www.ae-expo.be\/fr\/wp-json\/wp\/v2\/media\/106899"}],"wp:attachment":[{"href":"https:\/\/www.ae-expo.be\/fr\/wp-json\/wp\/v2\/media?parent=100183"}],"wp:term":[{"taxonomy":"category","embeddable":true,"href":"https:\/\/www.ae-expo.be\/fr\/wp-json\/wp\/v2\/categories?post=100183"},{"taxonomy":"post_tag","embeddable":true,"href":"https:\/\/www.ae-expo.be\/fr\/wp-json\/wp\/v2\/tags?post=100183"},{"taxonomy":"edition","embeddable":true,"href":"https:\/\/www.ae-expo.be\/fr\/wp-json\/wp\/v2\/edition?post=100183"}],"curies":[{"name":"wp","href":"https:\/\/api.w.org\/{rel}","templated":true}]}}